{"id":10762,"date":"2023-03-28T15:14:49","date_gmt":"2023-03-28T18:14:49","guid":{"rendered":"https:\/\/www.caritasne2.org.br\/site\/?p=10762"},"modified":"2023-03-28T15:21:08","modified_gmt":"2023-03-28T18:21:08","slug":"caritas-ne2-prorroga-prazo-para-inscricao-do-edital-para-consultor-em-plano-de-negocio","status":"publish","type":"post","link":"https:\/\/www.caritasne2.org.br\/site\/caritas-ne2-prorroga-prazo-para-inscricao-do-edital-para-consultor-em-plano-de-negocio\/","title":{"rendered":"C\u00e1ritas NE2 prorroga prazo para inscri\u00e7\u00e3o do edital para Consultor T\u00e9cnico em Plano de Neg\u00f3cio"},"content":{"rendered":"<p>A C\u00e1ritas Brasileira Regional NE2, organismo da Confer\u00eancia Nacional dos Bispos do Brasil (CNBB), no uso de suas atribui\u00e7\u00f5es legais prorroga inscri\u00e7\u00f5es do processo seletivo simplificado \u2013Edital N\u00ba 002\/2023 CBNE2 para preenchimento da vaga de 1 (um) consultor t\u00e9cnico em plano de neg\u00f3cios.<\/p>\n<p>A Comiss\u00e3o de Sele\u00e7\u00e3o no uso de suas atribui\u00e7\u00f5es legais, resolve prorrogar o prazo para a inscri\u00e7\u00e3o neste processo seletivo e retificar o cronograma de sele\u00e7\u00e3o que segue abaixo.<\/p>\n<p>Os interessados podem enviar curr\u00edculo at\u00e9 09 de abril de 2023, at\u00e9 \u00e0s 23h59 ( hor\u00e1rio de Bras\u00edlia) , atrav\u00e9s do endere\u00e7o eletr\u00f4nico caritasne2@caritas.org.br, com o seguinte t\u00edtulo: C\u00e1ritas Brasileira Regional Nordeste 2 \u2013 Edital de Sele\u00e7\u00e3o (Consultor T\u00e9cnico em Plano de Neg\u00f3cio) &#8211; N\u00ba 002\/2023.<\/p>\n<p>Confira o cronograma <a href=\"https:\/\/www.caritasne2.org.br\/site\/wp-content\/uploads\/2023\/03\/Selecao-Simplificada-Consultor-Tecnico-em-Plano-de-Negocios_Edital-No-002_2023_-Prorrogacao-inscricoes-.pdf\">aqui.<\/a><\/p>\n<p>Comiss\u00e3o de Sele\u00e7\u00e3o.<\/p>\n<p>&nbsp;<\/p>\n<ul class=\"ssb_list_wrapper\"><li class=\"fb2\" style=\"width:135px\"><iframe src=\"\/\/www.facebook.com\/plugins\/like.php?href=https%3A%2F%2Fwww.caritasne2.org.br%2Fsite%2Fcaritas-ne2-prorroga-prazo-para-inscricao-do-edital-para-consultor-em-plano-de-negocio%2F&amp;layout=button_count&amp;action=like&amp;show_faces=false&amp;share=true&amp;width=135&amp;height=21&amp;appId=307091639398582\" scrolling=\"no\" frameborder=\"0\" style=\"border:none; overflow:hidden;  width:150px; height:21px;\" allowTransparency=\"true\"><\/iframe><\/li><li class=\"twtr\" style=\"width:90px\"><a href=\"https:\/\/twitter.com\/share\" class=\"twitter-share-button\" data-url=\"https:\/\/www.caritasne2.org.br\/site\/caritas-ne2-prorroga-prazo-para-inscricao-do-edital-para-consultor-em-plano-de-negocio\/\">&nbsp;<\/a><script>!function(d,s,id){var js,fjs=d.getElementsByTagName(s)[0],p=\/^http:\/.test(d.location)?'http':'https';if(!d.getElementById(id)){js=d.createElement(s);js.id=id;js.src=p+':\/\/platform.twitter.com\/widgets.js';fjs.parentNode.insertBefore(js,fjs);}}(document, 'script', 'twitter-wjs');<\/script><\/li><li class=\"gplus\" style=\"width:68px\"><div class=\"g-plusone\" data-size=\"medium\" data-href=\"https:\/\/www.caritasne2.org.br\/site\/caritas-ne2-prorroga-prazo-para-inscricao-do-edital-para-consultor-em-plano-de-negocio\/\"><\/div><\/li><li class=\"ssb_linkedin\" style=\"width:64px\"><script src=\"\/\/platform.linkedin.com\/in.js\" type=\"text\/javascript\">lang: en_US<\/script><script type=\"IN\/Share\" data-url=\"https:\/\/www.caritasne2.org.br\/site\/caritas-ne2-prorroga-prazo-para-inscricao-do-edital-para-consultor-em-plano-de-negocio\/\" data-counter=\"right\"><\/script><\/li><\/ul>","protected":false},"excerpt":{"rendered":"<p>A C\u00e1ritas Brasileira Regional NE2, organismo da Confer\u00eancia Nacional dos Bispos do Brasil (CNBB), no uso de suas atribui\u00e7\u00f5es legais prorroga inscri\u00e7\u00f5es do processo seletivo simplificado \u2013Edital N\u00ba 002\/2023 CBNE2 para preenchimento da vaga de 1 (um) consultor t\u00e9cnico em plano de neg\u00f3cios. A Comiss\u00e3o de Sele\u00e7\u00e3o no uso de suas atribui\u00e7\u00f5es legais, resolve prorrogar o prazo para a inscri\u00e7\u00e3o neste processo seletivo e retificar [&hellip;]<\/p>\n<ul class=\"ssb_list_wrapper\"><li class=\"fb2\" style=\"width:135px\"><iframe src=\"\/\/www.facebook.com\/plugins\/like.php?href=https%3A%2F%2Fwww.caritasne2.org.br%2Fsite%2Fcaritas-ne2-prorroga-prazo-para-inscricao-do-edital-para-consultor-em-plano-de-negocio%2F&amp;layout=button_count&amp;action=like&amp;show_faces=false&amp;share=true&amp;width=135&amp;height=21&amp;appId=307091639398582\" scrolling=\"no\" frameborder=\"0\" style=\"border:none; overflow:hidden;  width:150px; height:21px;\" allowTransparency=\"true\"><\/iframe><\/li><li class=\"twtr\" style=\"width:90px\"><a href=\"https:\/\/twitter.com\/share\" class=\"twitter-share-button\" data-url=\"https:\/\/www.caritasne2.org.br\/site\/caritas-ne2-prorroga-prazo-para-inscricao-do-edital-para-consultor-em-plano-de-negocio\/\">&nbsp;<\/a><script>!function(d,s,id){var js,fjs=d.getElementsByTagName(s)[0],p=\/^http:\/.test(d.location)?'http':'https';if(!d.getElementById(id)){js=d.createElement(s);js.id=id;js.src=p+':\/\/platform.twitter.com\/widgets.js';fjs.parentNode.insertBefore(js,fjs);}}(document, 'script', 'twitter-wjs');<\/script><\/li><li class=\"gplus\" style=\"width:68px\"><div class=\"g-plusone\" data-size=\"medium\" data-href=\"https:\/\/www.caritasne2.org.br\/site\/caritas-ne2-prorroga-prazo-para-inscricao-do-edital-para-consultor-em-plano-de-negocio\/\"><\/div><\/li><li class=\"ssb_linkedin\" style=\"width:64px\"><script src=\"\/\/platform.linkedin.com\/in.js\" type=\"text\/javascript\">lang: en_US<\/script><script type=\"IN\/Share\" data-url=\"https:\/\/www.caritasne2.org.br\/site\/caritas-ne2-prorroga-prazo-para-inscricao-do-edital-para-consultor-em-plano-de-negocio\/\" data-counter=\"right\"><\/script><\/li><\/ul>","protected":false},"author":4,"featured_media":10764,"comment_status":"open","ping_status":"open","sticky":false,"template":"","format":"standard","meta":[],"categories":[21,20],"tags":[],"_links":{"self":[{"href":"https:\/\/www.caritasne2.org.br\/site\/wp-json\/wp\/v2\/posts\/10762"}],"collection":[{"href":"https:\/\/www.caritasne2.org.br\/site\/wp-json\/wp\/v2\/posts"}],"about":[{"href":"https:\/\/www.caritasne2.org.br\/site\/wp-json\/wp\/v2\/types\/post"}],"author":[{"embeddable":true,"href":"https:\/\/www.caritasne2.org.br\/site\/wp-json\/wp\/v2\/users\/4"}],"replies":[{"embeddable":true,"href":"https:\/\/www.caritasne2.org.br\/site\/wp-json\/wp\/v2\/comments?post=10762"}],"version-history":[{"count":3,"href":"https:\/\/www.caritasne2.org.br\/site\/wp-json\/wp\/v2\/posts\/10762\/revisions"}],"predecessor-version":[{"id":10768,"href":"https:\/\/www.caritasne2.org.br\/site\/wp-json\/wp\/v2\/posts\/10762\/revisions\/10768"}],"wp:featuredmedia":[{"embeddable":true,"href":"https:\/\/www.caritasne2.org.br\/site\/wp-json\/wp\/v2\/media\/10764"}],"wp:attachment":[{"href":"https:\/\/www.caritasne2.org.br\/site\/wp-json\/wp\/v2\/media?parent=10762"}],"wp:term":[{"taxonomy":"category","embeddable":true,"href":"https:\/\/www.caritasne2.org.br\/site\/wp-json\/wp\/v2\/categories?post=10762"},{"taxonomy":"post_tag","embeddable":true,"href":"https:\/\/www.caritasne2.org.br\/site\/wp-json\/wp\/v2\/tags?post=10762"}],"curies":[{"name":"wp","href":"https:\/\/api.w.org\/{rel}","templated":true}]}}