{"id":10748,"date":"2023-03-27T11:46:01","date_gmt":"2023-03-27T14:46:01","guid":{"rendered":"https:\/\/www.caritasne2.org.br\/site\/?p=10748"},"modified":"2023-03-27T11:46:01","modified_gmt":"2023-03-27T14:46:01","slug":"quintais-ecoprodutivos-intercambio-intercomunitario-de-experiencias-entre-os-agricultores-as-fomenta-partilha-de-conhecimento-sobre-ecotecnologias","status":"publish","type":"post","link":"https:\/\/www.caritasne2.org.br\/site\/quintais-ecoprodutivos-intercambio-intercomunitario-de-experiencias-entre-os-agricultores-as-fomenta-partilha-de-conhecimento-sobre-ecotecnologias\/","title":{"rendered":"Quintais Ecoprodutivos: interc\u00e2mbio intercomunit\u00e1rio de experi\u00eancias entre os agricultores (as) fomenta partilha de conhecimento sobre ecotecnologias"},"content":{"rendered":"<p>\u201c Quando jovem, meu pai tirava eu e minhas irm\u00e3s da escola, pois mulher, para ele, era para namorar e casar. Eu queria trabalhar, e encontrei na agricultura uma forma de adquirir aprendizado e conhecimentos\u201d relata dona Eurivan Maria, agricultora e membro do grupo Flores de Claudete do laborat\u00f3rio em Vila Claudete no Cabo de Santo Agostinho.<\/p>\n<p>Essa foi uma das muitas falas que aconteceram durante o interc\u00e2mbio intercomunit\u00e1rio de experi\u00eancias entre os agricultores (as) dos cinco laborat\u00f3rios que fazem parte do Projeto Quintais Ecoprodutivos.<\/p>\n<p>Ao logo da \u00faltima sexta-feira,24, os cerca de 20 participantes puderam partilhar os avan\u00e7os e desafios encontrados no dia a dia da manuten\u00e7\u00e3o dos laborat\u00f3rios de Vila Claudete, Vila Tatuoca, Gaibu, Engenho Sacambu e Engenho Massangana, assim como, os encaminhamentos para o m\u00eas de abril no que diz respeito as melhorias.<\/p>\n<p>Na parte da tarde, aconteceu uma viv\u00eancia de saberes de forma presencial no laborat\u00f3rio em Vila Claudete onde cada agricultor (a) pode se colocar, contar um pouco de sua hist\u00f3ria e oque poderiam levar a partir das experi\u00eancias partilhadas e ecotecnologias cultivadas no local.<\/p>\n<p><img decoding=\"async\" loading=\"lazy\" class=\"alignnone  wp-image-10750\" src=\"https:\/\/www.caritasne2.org.br\/site\/wp-content\/uploads\/2023\/03\/WhatsApp-Image-2023-03-24-at-15.12.07-225x300.jpeg\" alt=\"\" width=\"528\" height=\"704\" srcset=\"https:\/\/www.caritasne2.org.br\/site\/wp-content\/uploads\/2023\/03\/WhatsApp-Image-2023-03-24-at-15.12.07-225x300.jpeg 225w, https:\/\/www.caritasne2.org.br\/site\/wp-content\/uploads\/2023\/03\/WhatsApp-Image-2023-03-24-at-15.12.07-768x1024.jpeg 768w, https:\/\/www.caritasne2.org.br\/site\/wp-content\/uploads\/2023\/03\/WhatsApp-Image-2023-03-24-at-15.12.07-1152x1536.jpeg 1152w, https:\/\/www.caritasne2.org.br\/site\/wp-content\/uploads\/2023\/03\/WhatsApp-Image-2023-03-24-at-15.12.07.jpeg 1200w\" sizes=\"(max-width: 528px) 100vw, 528px\" \/><\/p>\n<p><img decoding=\"async\" loading=\"lazy\" class=\"alignnone  wp-image-10751\" src=\"https:\/\/www.caritasne2.org.br\/site\/wp-content\/uploads\/2023\/03\/WhatsApp-Image-2023-03-24-at-15.13.02-225x300.jpeg\" alt=\"\" width=\"528\" height=\"704\" srcset=\"https:\/\/www.caritasne2.org.br\/site\/wp-content\/uploads\/2023\/03\/WhatsApp-Image-2023-03-24-at-15.13.02-225x300.jpeg 225w, https:\/\/www.caritasne2.org.br\/site\/wp-content\/uploads\/2023\/03\/WhatsApp-Image-2023-03-24-at-15.13.02-768x1024.jpeg 768w, https:\/\/www.caritasne2.org.br\/site\/wp-content\/uploads\/2023\/03\/WhatsApp-Image-2023-03-24-at-15.13.02-1152x1536.jpeg 1152w, https:\/\/www.caritasne2.org.br\/site\/wp-content\/uploads\/2023\/03\/WhatsApp-Image-2023-03-24-at-15.13.02.jpeg 1200w\" sizes=\"(max-width: 528px) 100vw, 528px\" \/><\/p>\n<p><img decoding=\"async\" loading=\"lazy\" class=\"alignnone  wp-image-10752\" src=\"https:\/\/www.caritasne2.org.br\/site\/wp-content\/uploads\/2023\/03\/WhatsApp-Image-2023-03-24-at-15.13.03-1-225x300.jpeg\" alt=\"\" width=\"516\" height=\"688\" srcset=\"https:\/\/www.caritasne2.org.br\/site\/wp-content\/uploads\/2023\/03\/WhatsApp-Image-2023-03-24-at-15.13.03-1-225x300.jpeg 225w, https:\/\/www.caritasne2.org.br\/site\/wp-content\/uploads\/2023\/03\/WhatsApp-Image-2023-03-24-at-15.13.03-1-768x1024.jpeg 768w, https:\/\/www.caritasne2.org.br\/site\/wp-content\/uploads\/2023\/03\/WhatsApp-Image-2023-03-24-at-15.13.03-1-1152x1536.jpeg 1152w, https:\/\/www.caritasne2.org.br\/site\/wp-content\/uploads\/2023\/03\/WhatsApp-Image-2023-03-24-at-15.13.03-1.jpeg 1200w\" sizes=\"(max-width: 516px) 100vw, 516px\" \/><\/p>\n<p><img decoding=\"async\" loading=\"lazy\" class=\"alignnone  wp-image-10753\" src=\"https:\/\/www.caritasne2.org.br\/site\/wp-content\/uploads\/2023\/03\/WhatsApp-Image-2023-03-24-at-15.13.03-2-225x300.jpeg\" alt=\"\" width=\"519\" height=\"692\" srcset=\"https:\/\/www.caritasne2.org.br\/site\/wp-content\/uploads\/2023\/03\/WhatsApp-Image-2023-03-24-at-15.13.03-2-225x300.jpeg 225w, https:\/\/www.caritasne2.org.br\/site\/wp-content\/uploads\/2023\/03\/WhatsApp-Image-2023-03-24-at-15.13.03-2-768x1024.jpeg 768w, https:\/\/www.caritasne2.org.br\/site\/wp-content\/uploads\/2023\/03\/WhatsApp-Image-2023-03-24-at-15.13.03-2-1152x1536.jpeg 1152w, https:\/\/www.caritasne2.org.br\/site\/wp-content\/uploads\/2023\/03\/WhatsApp-Image-2023-03-24-at-15.13.03-2.jpeg 1200w\" sizes=\"(max-width: 519px) 100vw, 519px\" \/><\/p>\n<p><img decoding=\"async\" loading=\"lazy\" class=\"alignnone  wp-image-10754\" src=\"https:\/\/www.caritasne2.org.br\/site\/wp-content\/uploads\/2023\/03\/WhatsApp-Image-2023-03-24-at-15.13.03-225x300.jpeg\" alt=\"\" width=\"522\" height=\"696\" srcset=\"https:\/\/www.caritasne2.org.br\/site\/wp-content\/uploads\/2023\/03\/WhatsApp-Image-2023-03-24-at-15.13.03-225x300.jpeg 225w, https:\/\/www.caritasne2.org.br\/site\/wp-content\/uploads\/2023\/03\/WhatsApp-Image-2023-03-24-at-15.13.03-768x1024.jpeg 768w, https:\/\/www.caritasne2.org.br\/site\/wp-content\/uploads\/2023\/03\/WhatsApp-Image-2023-03-24-at-15.13.03-1152x1536.jpeg 1152w, https:\/\/www.caritasne2.org.br\/site\/wp-content\/uploads\/2023\/03\/WhatsApp-Image-2023-03-24-at-15.13.03.jpeg 1200w\" sizes=\"(max-width: 522px) 100vw, 522px\" \/><\/p>\n<p><img decoding=\"async\" loading=\"lazy\" class=\"alignnone  wp-image-10755\" src=\"https:\/\/www.caritasne2.org.br\/site\/wp-content\/uploads\/2023\/03\/WhatsApp-Image-2023-03-24-at-15.13.04-2-225x300.jpeg\" alt=\"\" width=\"522\" height=\"696\" srcset=\"https:\/\/www.caritasne2.org.br\/site\/wp-content\/uploads\/2023\/03\/WhatsApp-Image-2023-03-24-at-15.13.04-2-225x300.jpeg 225w, https:\/\/www.caritasne2.org.br\/site\/wp-content\/uploads\/2023\/03\/WhatsApp-Image-2023-03-24-at-15.13.04-2-768x1024.jpeg 768w, https:\/\/www.caritasne2.org.br\/site\/wp-content\/uploads\/2023\/03\/WhatsApp-Image-2023-03-24-at-15.13.04-2-1152x1536.jpeg 1152w, https:\/\/www.caritasne2.org.br\/site\/wp-content\/uploads\/2023\/03\/WhatsApp-Image-2023-03-24-at-15.13.04-2.jpeg 1200w\" sizes=\"(max-width: 522px) 100vw, 522px\" \/><\/p>\n<p><img decoding=\"async\" loading=\"lazy\" class=\"alignnone  wp-image-10756\" src=\"https:\/\/www.caritasne2.org.br\/site\/wp-content\/uploads\/2023\/03\/WhatsApp-Image-2023-03-24-at-15.13.04-225x300.jpeg\" alt=\"\" width=\"526\" height=\"702\" srcset=\"https:\/\/www.caritasne2.org.br\/site\/wp-content\/uploads\/2023\/03\/WhatsApp-Image-2023-03-24-at-15.13.04-225x300.jpeg 225w, https:\/\/www.caritasne2.org.br\/site\/wp-content\/uploads\/2023\/03\/WhatsApp-Image-2023-03-24-at-15.13.04-768x1024.jpeg 768w, https:\/\/www.caritasne2.org.br\/site\/wp-content\/uploads\/2023\/03\/WhatsApp-Image-2023-03-24-at-15.13.04-1152x1536.jpeg 1152w, https:\/\/www.caritasne2.org.br\/site\/wp-content\/uploads\/2023\/03\/WhatsApp-Image-2023-03-24-at-15.13.04.jpeg 1200w\" sizes=\"(max-width: 526px) 100vw, 526px\" \/><\/p>\n<p><img decoding=\"async\" loading=\"lazy\" class=\"alignnone  wp-image-10757\" src=\"https:\/\/www.caritasne2.org.br\/site\/wp-content\/uploads\/2023\/03\/WhatsApp-Image-2023-03-24-at-15.13.05-1-225x300.jpeg\" alt=\"\" width=\"524\" height=\"698\" srcset=\"https:\/\/www.caritasne2.org.br\/site\/wp-content\/uploads\/2023\/03\/WhatsApp-Image-2023-03-24-at-15.13.05-1-225x300.jpeg 225w, https:\/\/www.caritasne2.org.br\/site\/wp-content\/uploads\/2023\/03\/WhatsApp-Image-2023-03-24-at-15.13.05-1-768x1024.jpeg 768w, https:\/\/www.caritasne2.org.br\/site\/wp-content\/uploads\/2023\/03\/WhatsApp-Image-2023-03-24-at-15.13.05-1-1152x1536.jpeg 1152w, https:\/\/www.caritasne2.org.br\/site\/wp-content\/uploads\/2023\/03\/WhatsApp-Image-2023-03-24-at-15.13.05-1.jpeg 1200w\" sizes=\"(max-width: 524px) 100vw, 524px\" \/><\/p>\n<p><img decoding=\"async\" loading=\"lazy\" class=\"alignnone  wp-image-10758\" src=\"https:\/\/www.caritasne2.org.br\/site\/wp-content\/uploads\/2023\/03\/WhatsApp-Image-2023-03-24-at-15.13.05-225x300.jpeg\" alt=\"\" width=\"525\" height=\"700\" srcset=\"https:\/\/www.caritasne2.org.br\/site\/wp-content\/uploads\/2023\/03\/WhatsApp-Image-2023-03-24-at-15.13.05-225x300.jpeg 225w, https:\/\/www.caritasne2.org.br\/site\/wp-content\/uploads\/2023\/03\/WhatsApp-Image-2023-03-24-at-15.13.05-768x1024.jpeg 768w, https:\/\/www.caritasne2.org.br\/site\/wp-content\/uploads\/2023\/03\/WhatsApp-Image-2023-03-24-at-15.13.05-1152x1536.jpeg 1152w, https:\/\/www.caritasne2.org.br\/site\/wp-content\/uploads\/2023\/03\/WhatsApp-Image-2023-03-24-at-15.13.05.jpeg 1200w\" sizes=\"(max-width: 525px) 100vw, 525px\" \/><\/p>\n<p>&nbsp;<\/p>\n<ul class=\"ssb_list_wrapper\"><li class=\"fb2\" style=\"width:135px\"><iframe src=\"\/\/www.facebook.com\/plugins\/like.php?href=https%3A%2F%2Fwww.caritasne2.org.br%2Fsite%2Fquintais-ecoprodutivos-intercambio-intercomunitario-de-experiencias-entre-os-agricultores-as-fomenta-partilha-de-conhecimento-sobre-ecotecnologias%2F&amp;layout=button_count&amp;action=like&amp;show_faces=false&amp;share=true&amp;width=135&amp;height=21&amp;appId=307091639398582\" scrolling=\"no\" frameborder=\"0\" style=\"border:none; overflow:hidden;  width:150px; height:21px;\" allowTransparency=\"true\"><\/iframe><\/li><li class=\"twtr\" style=\"width:90px\"><a href=\"https:\/\/twitter.com\/share\" class=\"twitter-share-button\" data-url=\"https:\/\/www.caritasne2.org.br\/site\/quintais-ecoprodutivos-intercambio-intercomunitario-de-experiencias-entre-os-agricultores-as-fomenta-partilha-de-conhecimento-sobre-ecotecnologias\/\">&nbsp;<\/a><script>!function(d,s,id){var js,fjs=d.getElementsByTagName(s)[0],p=\/^http:\/.test(d.location)?'http':'https';if(!d.getElementById(id)){js=d.createElement(s);js.id=id;js.src=p+':\/\/platform.twitter.com\/widgets.js';fjs.parentNode.insertBefore(js,fjs);}}(document, 'script', 'twitter-wjs');<\/script><\/li><li class=\"gplus\" style=\"width:68px\"><div class=\"g-plusone\" data-size=\"medium\" data-href=\"https:\/\/www.caritasne2.org.br\/site\/quintais-ecoprodutivos-intercambio-intercomunitario-de-experiencias-entre-os-agricultores-as-fomenta-partilha-de-conhecimento-sobre-ecotecnologias\/\"><\/div><\/li><li class=\"ssb_linkedin\" style=\"width:64px\"><script src=\"\/\/platform.linkedin.com\/in.js\" type=\"text\/javascript\">lang: en_US<\/script><script type=\"IN\/Share\" data-url=\"https:\/\/www.caritasne2.org.br\/site\/quintais-ecoprodutivos-intercambio-intercomunitario-de-experiencias-entre-os-agricultores-as-fomenta-partilha-de-conhecimento-sobre-ecotecnologias\/\" data-counter=\"right\"><\/script><\/li><\/ul>","protected":false},"excerpt":{"rendered":"<p>\u201c Quando jovem, meu pai tirava eu e minhas irm\u00e3s da escola, pois mulher, para ele, era para namorar e casar. Eu queria trabalhar, e encontrei na agricultura uma forma de adquirir aprendizado e conhecimentos\u201d relata dona Eurivan Maria, agricultora e membro do grupo Flores de Claudete do laborat\u00f3rio em Vila Claudete no Cabo de Santo Agostinho. Essa foi uma das muitas falas que aconteceram [&hellip;]<\/p>\n<ul class=\"ssb_list_wrapper\"><li class=\"fb2\" style=\"width:135px\"><iframe src=\"\/\/www.facebook.com\/plugins\/like.php?href=https%3A%2F%2Fwww.caritasne2.org.br%2Fsite%2Fquintais-ecoprodutivos-intercambio-intercomunitario-de-experiencias-entre-os-agricultores-as-fomenta-partilha-de-conhecimento-sobre-ecotecnologias%2F&amp;layout=button_count&amp;action=like&amp;show_faces=false&amp;share=true&amp;width=135&amp;height=21&amp;appId=307091639398582\" scrolling=\"no\" frameborder=\"0\" style=\"border:none; overflow:hidden;  width:150px; height:21px;\" allowTransparency=\"true\"><\/iframe><\/li><li class=\"twtr\" style=\"width:90px\"><a href=\"https:\/\/twitter.com\/share\" class=\"twitter-share-button\" data-url=\"https:\/\/www.caritasne2.org.br\/site\/quintais-ecoprodutivos-intercambio-intercomunitario-de-experiencias-entre-os-agricultores-as-fomenta-partilha-de-conhecimento-sobre-ecotecnologias\/\">&nbsp;<\/a><script>!function(d,s,id){var js,fjs=d.getElementsByTagName(s)[0],p=\/^http:\/.test(d.location)?'http':'https';if(!d.getElementById(id)){js=d.createElement(s);js.id=id;js.src=p+':\/\/platform.twitter.com\/widgets.js';fjs.parentNode.insertBefore(js,fjs);}}(document, 'script', 'twitter-wjs');<\/script><\/li><li class=\"gplus\" style=\"width:68px\"><div class=\"g-plusone\" data-size=\"medium\" data-href=\"https:\/\/www.caritasne2.org.br\/site\/quintais-ecoprodutivos-intercambio-intercomunitario-de-experiencias-entre-os-agricultores-as-fomenta-partilha-de-conhecimento-sobre-ecotecnologias\/\"><\/div><\/li><li class=\"ssb_linkedin\" style=\"width:64px\"><script src=\"\/\/platform.linkedin.com\/in.js\" type=\"text\/javascript\">lang: en_US<\/script><script type=\"IN\/Share\" data-url=\"https:\/\/www.caritasne2.org.br\/site\/quintais-ecoprodutivos-intercambio-intercomunitario-de-experiencias-entre-os-agricultores-as-fomenta-partilha-de-conhecimento-sobre-ecotecnologias\/\" data-counter=\"right\"><\/script><\/li><\/ul>","protected":false},"author":4,"featured_media":10749,"comment_status":"open","ping_status":"open","sticky":false,"template":"","format":"standard","meta":[],"categories":[21,20],"tags":[],"_links":{"self":[{"href":"https:\/\/www.caritasne2.org.br\/site\/wp-json\/wp\/v2\/posts\/10748"}],"collection":[{"href":"https:\/\/www.caritasne2.org.br\/site\/wp-json\/wp\/v2\/posts"}],"about":[{"href":"https:\/\/www.caritasne2.org.br\/site\/wp-json\/wp\/v2\/types\/post"}],"author":[{"embeddable":true,"href":"https:\/\/www.caritasne2.org.br\/site\/wp-json\/wp\/v2\/users\/4"}],"replies":[{"embeddable":true,"href":"https:\/\/www.caritasne2.org.br\/site\/wp-json\/wp\/v2\/comments?post=10748"}],"version-history":[{"count":2,"href":"https:\/\/www.caritasne2.org.br\/site\/wp-json\/wp\/v2\/posts\/10748\/revisions"}],"predecessor-version":[{"id":10760,"href":"https:\/\/www.caritasne2.org.br\/site\/wp-json\/wp\/v2\/posts\/10748\/revisions\/10760"}],"wp:featuredmedia":[{"embeddable":true,"href":"https:\/\/www.caritasne2.org.br\/site\/wp-json\/wp\/v2\/media\/10749"}],"wp:attachment":[{"href":"https:\/\/www.caritasne2.org.br\/site\/wp-json\/wp\/v2\/media?parent=10748"}],"wp:term":[{"taxonomy":"category","embeddable":true,"href":"https:\/\/www.caritasne2.org.br\/site\/wp-json\/wp\/v2\/categories?post=10748"},{"taxonomy":"post_tag","embeddable":true,"href":"https:\/\/www.caritasne2.org.br\/site\/wp-json\/wp\/v2\/tags?post=10748"}],"curies":[{"name":"wp","href":"https:\/\/api.w.org\/{rel}","templated":true}]}}