{"id":1074,"date":"2013-06-17T11:22:51","date_gmt":"2013-06-17T14:22:51","guid":{"rendered":"http:\/\/ne2.caritas.org.br.s174889.gridserver.com\/?p=1074"},"modified":"2017-07-11T15:24:31","modified_gmt":"2017-07-11T18:24:31","slug":"gapa-familias-participam-de-capacitacao-em-angelim-jupi-pe","status":"publish","type":"post","link":"https:\/\/www.caritasne2.org.br\/site\/gapa-familias-participam-de-capacitacao-em-angelim-jupi-pe\/","title":{"rendered":"GAPA: Fam\u00edlias participam de capacita\u00e7\u00e3o em Angelim e Jupi (PE)"},"content":{"rendered":"<p style=\"text-align: justify;\">Sustentabilidade, seguran\u00e7a alimentar, cultivo de uma agricultura sem agrot\u00f3xicos e mobiliza\u00e7\u00e3o para o trabalho comunit\u00e1rio. Essas s\u00e3o algumas quest\u00f5es abordadas na capacita\u00e7\u00e3o em Gest\u00e3o de \u00c1gua para a Produ\u00e7\u00e3o (Gapa) realizada, entre os dias 10 e 12 deste m\u00eas, na Casa de Farinha da comunidade Po\u00e7o do Boi, no munic\u00edpio de Angelim (PE).<\/p>\n<p style=\"text-align: justify;\">O curso \u00e9 uma realiza\u00e7\u00e3o da C\u00e1ritas Brasileira Regional NE2, atrav\u00e9s do Programa Uma Terra e Duas \u00c1guas (P1+2), e tem como p\u00fablico alvo as fam\u00edlias que receber\u00e3o as tecnologias de segunda \u00e1gua naquela regi\u00e3o.<\/p>\n<figure id=\"attachment_1081\" aria-describedby=\"caption-attachment-1081\" style=\"width: 271px\" class=\"wp-caption alignleft\"><a href=\"http:\/\/ne2.caritas.org.br.s174889.gridserver.com\/2013\/06\/17\/gapa-familias-participam-de-capacitacao-em-angelim-jupi-pe\/angelim-2\/\" rel=\"attachment wp-att-1081\"><img decoding=\"async\" loading=\"lazy\" class=\" wp-image-1081\" title=\"Angelim (2)\" src=\"http:\/\/ne2.caritas.org.br.s174889.gridserver.com\/wp-content\/uploads\/2013\/06\/Angelim-2.jpg\" alt=\"\" width=\"271\" height=\"188\" srcset=\"https:\/\/www.caritasne2.org.br\/site\/wp-content\/uploads\/2013\/06\/Angelim-2.jpg 448w, https:\/\/www.caritasne2.org.br\/site\/wp-content\/uploads\/2013\/06\/Angelim-2-300x208.jpg 300w\" sizes=\"(max-width: 271px) 100vw, 271px\" \/><\/a><figcaption id=\"caption-attachment-1081\" class=\"wp-caption-text\">Agricultores participam de capacita\u00e7\u00e3o em Angelim (PE).<\/figcaption><\/figure>\n<p style=\"text-align: justify;\">O objetivo do encontro \u00e9 fortalecer, por meio da troca de experi\u00eancias, o trabalho da agricultura familiar, que, hoje, \u00e9 respons\u00e1vel por 70% da alimenta\u00e7\u00e3o brasileira, segundo o instrutor do curso, Lucinaldo Freitas. A capacita\u00e7\u00e3o em Gapa, al\u00e9m de esclarecer os direitos e responsabilidades de cada agricultor, estimula tamb\u00e9m o trabalho em conjunto. \u201cUma comunidade quanto mais organizada, melhor. Unidos, conseguimos coisas que parecem imposs\u00edveis\u201d, afirmou Lucinaldo.<\/p>\n<p style=\"text-align: justify;\">JUPI \u2013 De 06 a 08 deste m\u00eas, foi a vez da comunidade Azev\u00e9m, no munic\u00edpio de Jupi (PE), receber a capacita\u00e7\u00e3o em Gest\u00e3o de \u00c1gua para a Produ\u00e7\u00e3o. O encontro ocorreu na Capela M\u00e3e Rainha e foi realizada em parceria com o SOS Seca, projeto da Arquidiocese de Olinda e Recife em conjunto com a Federa\u00e7\u00e3o dos Trabalhadores na Agricultura do Estado de Pernambuco (Fetape).<\/p>\n<p style=\"text-align: justify;\"><em>por Lidiane Santos \u2013 Jornalista, comunicadora popular da C\u00e1ritas NE2 e P1+2 em Garanhuns\/PE.<\/em><\/p>\n<p style=\"text-align: justify;\">\n<ul class=\"ssb_list_wrapper\"><li class=\"fb2\" style=\"width:135px\"><iframe src=\"\/\/www.facebook.com\/plugins\/like.php?href=https%3A%2F%2Fwww.caritasne2.org.br%2Fsite%2Fgapa-familias-participam-de-capacitacao-em-angelim-jupi-pe%2F&amp;layout=button_count&amp;action=like&amp;show_faces=false&amp;share=true&amp;width=135&amp;height=21&amp;appId=307091639398582\" scrolling=\"no\" frameborder=\"0\" style=\"border:none; overflow:hidden;  width:150px; height:21px;\" allowTransparency=\"true\"><\/iframe><\/li><li class=\"twtr\" style=\"width:90px\"><a href=\"https:\/\/twitter.com\/share\" class=\"twitter-share-button\" data-url=\"https:\/\/www.caritasne2.org.br\/site\/gapa-familias-participam-de-capacitacao-em-angelim-jupi-pe\/\">&nbsp;<\/a><script>!function(d,s,id){var js,fjs=d.getElementsByTagName(s)[0],p=\/^http:\/.test(d.location)?'http':'https';if(!d.getElementById(id)){js=d.createElement(s);js.id=id;js.src=p+':\/\/platform.twitter.com\/widgets.js';fjs.parentNode.insertBefore(js,fjs);}}(document, 'script', 'twitter-wjs');<\/script><\/li><li class=\"gplus\" style=\"width:68px\"><div class=\"g-plusone\" data-size=\"medium\" data-href=\"https:\/\/www.caritasne2.org.br\/site\/gapa-familias-participam-de-capacitacao-em-angelim-jupi-pe\/\"><\/div><\/li><li class=\"ssb_linkedin\" style=\"width:64px\"><script src=\"\/\/platform.linkedin.com\/in.js\" type=\"text\/javascript\">lang: en_US<\/script><script type=\"IN\/Share\" data-url=\"https:\/\/www.caritasne2.org.br\/site\/gapa-familias-participam-de-capacitacao-em-angelim-jupi-pe\/\" data-counter=\"right\"><\/script><\/li><\/ul>","protected":false},"excerpt":{"rendered":"<p>Sustentabilidade, seguran\u00e7a alimentar, cultivo de uma agricultura sem agrot\u00f3xicos e mobiliza\u00e7\u00e3o para o trabalho comunit\u00e1rio. Essas s\u00e3o algumas quest\u00f5es abordadas na capacita\u00e7\u00e3o em Gest\u00e3o de \u00c1gua para a Produ\u00e7\u00e3o (Gapa) realizada, entre os dias 10 e 12 deste m\u00eas, na Casa de Farinha da comunidade Po\u00e7o do Boi, no munic\u00edpio de Angelim (PE). O curso \u00e9 uma realiza\u00e7\u00e3o da C\u00e1ritas Brasileira Regional NE2, atrav\u00e9s do [&hellip;]<\/p>\n<ul class=\"ssb_list_wrapper\"><li class=\"fb2\" style=\"width:135px\"><iframe src=\"\/\/www.facebook.com\/plugins\/like.php?href=https%3A%2F%2Fwww.caritasne2.org.br%2Fsite%2Fgapa-familias-participam-de-capacitacao-em-angelim-jupi-pe%2F&amp;layout=button_count&amp;action=like&amp;show_faces=false&amp;share=true&amp;width=135&amp;height=21&amp;appId=307091639398582\" scrolling=\"no\" frameborder=\"0\" style=\"border:none; overflow:hidden;  width:150px; height:21px;\" allowTransparency=\"true\"><\/iframe><\/li><li class=\"twtr\" style=\"width:90px\"><a href=\"https:\/\/twitter.com\/share\" class=\"twitter-share-button\" data-url=\"https:\/\/www.caritasne2.org.br\/site\/gapa-familias-participam-de-capacitacao-em-angelim-jupi-pe\/\">&nbsp;<\/a><script>!function(d,s,id){var js,fjs=d.getElementsByTagName(s)[0],p=\/^http:\/.test(d.location)?'http':'https';if(!d.getElementById(id)){js=d.createElement(s);js.id=id;js.src=p+':\/\/platform.twitter.com\/widgets.js';fjs.parentNode.insertBefore(js,fjs);}}(document, 'script', 'twitter-wjs');<\/script><\/li><li class=\"gplus\" style=\"width:68px\"><div class=\"g-plusone\" data-size=\"medium\" data-href=\"https:\/\/www.caritasne2.org.br\/site\/gapa-familias-participam-de-capacitacao-em-angelim-jupi-pe\/\"><\/div><\/li><li class=\"ssb_linkedin\" style=\"width:64px\"><script src=\"\/\/platform.linkedin.com\/in.js\" type=\"text\/javascript\">lang: en_US<\/script><script type=\"IN\/Share\" data-url=\"https:\/\/www.caritasne2.org.br\/site\/gapa-familias-participam-de-capacitacao-em-angelim-jupi-pe\/\" data-counter=\"right\"><\/script><\/li><\/ul>","protected":false},"author":4,"featured_media":1080,"comment_status":"open","ping_status":"open","sticky":false,"template":"","format":"standard","meta":[],"categories":[20,224],"tags":[67,137,160],"_links":{"self":[{"href":"https:\/\/www.caritasne2.org.br\/site\/wp-json\/wp\/v2\/posts\/1074"}],"collection":[{"href":"https:\/\/www.caritasne2.org.br\/site\/wp-json\/wp\/v2\/posts"}],"about":[{"href":"https:\/\/www.caritasne2.org.br\/site\/wp-json\/wp\/v2\/types\/post"}],"author":[{"embeddable":true,"href":"https:\/\/www.caritasne2.org.br\/site\/wp-json\/wp\/v2\/users\/4"}],"replies":[{"embeddable":true,"href":"https:\/\/www.caritasne2.org.br\/site\/wp-json\/wp\/v2\/comments?post=1074"}],"version-history":[{"count":0,"href":"https:\/\/www.caritasne2.org.br\/site\/wp-json\/wp\/v2\/posts\/1074\/revisions"}],"wp:featuredmedia":[{"embeddable":true,"href":"https:\/\/www.caritasne2.org.br\/site\/wp-json\/wp\/v2\/media\/1080"}],"wp:attachment":[{"href":"https:\/\/www.caritasne2.org.br\/site\/wp-json\/wp\/v2\/media?parent=1074"}],"wp:term":[{"taxonomy":"category","embeddable":true,"href":"https:\/\/www.caritasne2.org.br\/site\/wp-json\/wp\/v2\/categories?post=1074"},{"taxonomy":"post_tag","embeddable":true,"href":"https:\/\/www.caritasne2.org.br\/site\/wp-json\/wp\/v2\/tags?post=1074"}],"curies":[{"name":"wp","href":"https:\/\/api.w.org\/{rel}","templated":true}]}}