{"id":10720,"date":"2023-03-17T11:16:23","date_gmt":"2023-03-17T14:16:23","guid":{"rendered":"https:\/\/www.caritasne2.org.br\/site\/?p=10720"},"modified":"2023-03-17T11:17:47","modified_gmt":"2023-03-17T14:17:47","slug":"incidencia-politica-agricultoras-e-artesas-da-caritas-participam-da-14a-marcha-pela-vida-das-mulheres-e-pela-agroecologia","status":"publish","type":"post","link":"https:\/\/www.caritasne2.org.br\/site\/incidencia-politica-agricultoras-e-artesas-da-caritas-participam-da-14a-marcha-pela-vida-das-mulheres-e-pela-agroecologia\/","title":{"rendered":"Incid\u00eancia Pol\u00edtica: agricultoras e artes\u00e3s da C\u00e1ritas participam da 14\u00aa Marcha pela Vida das Mulheres e pela Agroecologia"},"content":{"rendered":"<p style=\"text-align: center;\"><em>\u201cCuidar do mundo que nos rodeia e nos sustenta significa cuidar de n\u00f3s mesmos\u201d Papa Francisco \u2013 Fratelli Tutti<\/em><\/p>\n<p style=\"text-align: justify;\">Uma luta hist\u00f3rica que j\u00e1 dura 14 anos, e nessa 14\u00aa edi\u00e7\u00e3o a Marcha pela Vida das Mulheres e pela Agroecologia trouxe \u00e0 tona os impactos agroecol\u00f3gicos que a forma de implementa\u00e7\u00e3o de parques e\u00f3licos causam ao meio ambiente. Com esse recorte cerca de 3 mil pessoas marcharam na \u00faltima quinta-feira, 16, no mun\u00edcipio de Montadas, na Para\u00edba.<\/p>\n<p>Vestidas em cores lil\u00e1s, roxo e rosa e emitindo brados de justi\u00e7a e direitos, mulheres vindas de diversos munic\u00edpios percorreram as ruas de Montadas, entre elas, diversas agricultoras, artes\u00e3s e volunt\u00e1rias da C\u00e1ritas Paroquial de Montadas, que faz parte da C\u00e1ritas Diocesana de Campina Grande, entidade membro da C\u00e1ritas Brasileira NE2 (CBNE2) , assim como, agentes c\u00e1ritas do secretariado regional.<\/p>\n<p>Al\u00e9m da marcha, foi realizado no local uma feira com produtos cultivados de forma org\u00e2nica pelas mulheres e suas fam\u00edlias, refor\u00e7ando assim a agricultura familiar local. O momento tamb\u00e9m foi animado por Lia de Itamarac\u00e1, cirandeira famosa em Pernambuco.<\/p>\n<p style=\"text-align: justify;\"><img decoding=\"async\" loading=\"lazy\" class=\" wp-image-10721 aligncenter\" src=\"https:\/\/www.caritasne2.org.br\/site\/wp-content\/uploads\/2023\/03\/WhatsApp-Image-2023-03-17-at-08.40.21-5-300x225.jpeg\" alt=\"\" width=\"416\" height=\"312\" srcset=\"https:\/\/www.caritasne2.org.br\/site\/wp-content\/uploads\/2023\/03\/WhatsApp-Image-2023-03-17-at-08.40.21-5-300x225.jpeg 300w, https:\/\/www.caritasne2.org.br\/site\/wp-content\/uploads\/2023\/03\/WhatsApp-Image-2023-03-17-at-08.40.21-5-768x576.jpeg 768w, https:\/\/www.caritasne2.org.br\/site\/wp-content\/uploads\/2023\/03\/WhatsApp-Image-2023-03-17-at-08.40.21-5.jpeg 1024w\" sizes=\"(max-width: 416px) 100vw, 416px\" \/><\/p>\n<p>A programa\u00e7\u00e3o se encerrou com apresenta\u00e7\u00f5es culturais e uma m\u00edstica de intercess\u00e3o por casos de viol\u00eancia contra mulher ainda sem resolu\u00e7\u00e3o e a peti\u00e7\u00e3o por prote\u00e7\u00e3o sobre a vida de cada mulher presente.<\/p>\n<p>&nbsp;<\/p>\n<p>&nbsp;<\/p>\n<p>&nbsp;<\/p>\n<p><img decoding=\"async\" loading=\"lazy\" class=\"alignnone wp-image-10724\" src=\"https:\/\/www.caritasne2.org.br\/site\/wp-content\/uploads\/2023\/03\/WhatsApp-Image-2023-03-17-at-08.51.50-1-1-300x225.jpeg\" alt=\"\" width=\"572\" height=\"429\" srcset=\"https:\/\/www.caritasne2.org.br\/site\/wp-content\/uploads\/2023\/03\/WhatsApp-Image-2023-03-17-at-08.51.50-1-1-300x225.jpeg 300w, https:\/\/www.caritasne2.org.br\/site\/wp-content\/uploads\/2023\/03\/WhatsApp-Image-2023-03-17-at-08.51.50-1-1-768x576.jpeg 768w, https:\/\/www.caritasne2.org.br\/site\/wp-content\/uploads\/2023\/03\/WhatsApp-Image-2023-03-17-at-08.51.50-1-1.jpeg 1024w\" sizes=\"(max-width: 572px) 100vw, 572px\" \/><\/p>\n<p><img decoding=\"async\" loading=\"lazy\" class=\"alignnone wp-image-10725\" src=\"https:\/\/www.caritasne2.org.br\/site\/wp-content\/uploads\/2023\/03\/WhatsApp-Image-2023-03-17-at-08.51.49-9-225x300.jpeg\" alt=\"\" width=\"456\" height=\"608\" srcset=\"https:\/\/www.caritasne2.org.br\/site\/wp-content\/uploads\/2023\/03\/WhatsApp-Image-2023-03-17-at-08.51.49-9-225x300.jpeg 225w, https:\/\/www.caritasne2.org.br\/site\/wp-content\/uploads\/2023\/03\/WhatsApp-Image-2023-03-17-at-08.51.49-9.jpeg 768w\" sizes=\"(max-width: 456px) 100vw, 456px\" \/><\/p>\n<p><img decoding=\"async\" loading=\"lazy\" class=\"alignnone wp-image-10726\" src=\"https:\/\/www.caritasne2.org.br\/site\/wp-content\/uploads\/2023\/03\/WhatsApp-Image-2023-03-17-at-08.44.30-5-300x225.jpeg\" alt=\"\" width=\"511\" height=\"383\" srcset=\"https:\/\/www.caritasne2.org.br\/site\/wp-content\/uploads\/2023\/03\/WhatsApp-Image-2023-03-17-at-08.44.30-5-300x225.jpeg 300w, https:\/\/www.caritasne2.org.br\/site\/wp-content\/uploads\/2023\/03\/WhatsApp-Image-2023-03-17-at-08.44.30-5-768x576.jpeg 768w, https:\/\/www.caritasne2.org.br\/site\/wp-content\/uploads\/2023\/03\/WhatsApp-Image-2023-03-17-at-08.44.30-5.jpeg 1024w\" sizes=\"(max-width: 511px) 100vw, 511px\" \/><\/p>\n<ul class=\"ssb_list_wrapper\"><li class=\"fb2\" style=\"width:135px\"><iframe src=\"\/\/www.facebook.com\/plugins\/like.php?href=https%3A%2F%2Fwww.caritasne2.org.br%2Fsite%2Fincidencia-politica-agricultoras-e-artesas-da-caritas-participam-da-14a-marcha-pela-vida-das-mulheres-e-pela-agroecologia%2F&amp;layout=button_count&amp;action=like&amp;show_faces=false&amp;share=true&amp;width=135&amp;height=21&amp;appId=307091639398582\" scrolling=\"no\" frameborder=\"0\" style=\"border:none; overflow:hidden;  width:150px; height:21px;\" allowTransparency=\"true\"><\/iframe><\/li><li class=\"twtr\" style=\"width:90px\"><a href=\"https:\/\/twitter.com\/share\" class=\"twitter-share-button\" data-url=\"https:\/\/www.caritasne2.org.br\/site\/incidencia-politica-agricultoras-e-artesas-da-caritas-participam-da-14a-marcha-pela-vida-das-mulheres-e-pela-agroecologia\/\">&nbsp;<\/a><script>!function(d,s,id){var js,fjs=d.getElementsByTagName(s)[0],p=\/^http:\/.test(d.location)?'http':'https';if(!d.getElementById(id)){js=d.createElement(s);js.id=id;js.src=p+':\/\/platform.twitter.com\/widgets.js';fjs.parentNode.insertBefore(js,fjs);}}(document, 'script', 'twitter-wjs');<\/script><\/li><li class=\"gplus\" style=\"width:68px\"><div class=\"g-plusone\" data-size=\"medium\" data-href=\"https:\/\/www.caritasne2.org.br\/site\/incidencia-politica-agricultoras-e-artesas-da-caritas-participam-da-14a-marcha-pela-vida-das-mulheres-e-pela-agroecologia\/\"><\/div><\/li><li class=\"ssb_linkedin\" style=\"width:64px\"><script src=\"\/\/platform.linkedin.com\/in.js\" type=\"text\/javascript\">lang: en_US<\/script><script type=\"IN\/Share\" data-url=\"https:\/\/www.caritasne2.org.br\/site\/incidencia-politica-agricultoras-e-artesas-da-caritas-participam-da-14a-marcha-pela-vida-das-mulheres-e-pela-agroecologia\/\" data-counter=\"right\"><\/script><\/li><\/ul>","protected":false},"excerpt":{"rendered":"<p>\u201cCuidar do mundo que nos rodeia e nos sustenta significa cuidar de n\u00f3s mesmos\u201d Papa Francisco \u2013 Fratelli Tutti Uma luta hist\u00f3rica que j\u00e1 dura 14 anos, e nessa 14\u00aa edi\u00e7\u00e3o a Marcha pela Vida das Mulheres e pela Agroecologia trouxe \u00e0 tona os impactos agroecol\u00f3gicos que a forma de implementa\u00e7\u00e3o de parques e\u00f3licos causam ao meio ambiente. Com esse recorte cerca de 3 mil [&hellip;]<\/p>\n<ul class=\"ssb_list_wrapper\"><li class=\"fb2\" style=\"width:135px\"><iframe src=\"\/\/www.facebook.com\/plugins\/like.php?href=https%3A%2F%2Fwww.caritasne2.org.br%2Fsite%2Fincidencia-politica-agricultoras-e-artesas-da-caritas-participam-da-14a-marcha-pela-vida-das-mulheres-e-pela-agroecologia%2F&amp;layout=button_count&amp;action=like&amp;show_faces=false&amp;share=true&amp;width=135&amp;height=21&amp;appId=307091639398582\" scrolling=\"no\" frameborder=\"0\" style=\"border:none; overflow:hidden;  width:150px; height:21px;\" allowTransparency=\"true\"><\/iframe><\/li><li class=\"twtr\" style=\"width:90px\"><a href=\"https:\/\/twitter.com\/share\" class=\"twitter-share-button\" data-url=\"https:\/\/www.caritasne2.org.br\/site\/incidencia-politica-agricultoras-e-artesas-da-caritas-participam-da-14a-marcha-pela-vida-das-mulheres-e-pela-agroecologia\/\">&nbsp;<\/a><script>!function(d,s,id){var js,fjs=d.getElementsByTagName(s)[0],p=\/^http:\/.test(d.location)?'http':'https';if(!d.getElementById(id)){js=d.createElement(s);js.id=id;js.src=p+':\/\/platform.twitter.com\/widgets.js';fjs.parentNode.insertBefore(js,fjs);}}(document, 'script', 'twitter-wjs');<\/script><\/li><li class=\"gplus\" style=\"width:68px\"><div class=\"g-plusone\" data-size=\"medium\" data-href=\"https:\/\/www.caritasne2.org.br\/site\/incidencia-politica-agricultoras-e-artesas-da-caritas-participam-da-14a-marcha-pela-vida-das-mulheres-e-pela-agroecologia\/\"><\/div><\/li><li class=\"ssb_linkedin\" style=\"width:64px\"><script src=\"\/\/platform.linkedin.com\/in.js\" type=\"text\/javascript\">lang: en_US<\/script><script type=\"IN\/Share\" data-url=\"https:\/\/www.caritasne2.org.br\/site\/incidencia-politica-agricultoras-e-artesas-da-caritas-participam-da-14a-marcha-pela-vida-das-mulheres-e-pela-agroecologia\/\" data-counter=\"right\"><\/script><\/li><\/ul>","protected":false},"author":4,"featured_media":10727,"comment_status":"open","ping_status":"open","sticky":false,"template":"","format":"standard","meta":[],"categories":[21,20],"tags":[],"_links":{"self":[{"href":"https:\/\/www.caritasne2.org.br\/site\/wp-json\/wp\/v2\/posts\/10720"}],"collection":[{"href":"https:\/\/www.caritasne2.org.br\/site\/wp-json\/wp\/v2\/posts"}],"about":[{"href":"https:\/\/www.caritasne2.org.br\/site\/wp-json\/wp\/v2\/types\/post"}],"author":[{"embeddable":true,"href":"https:\/\/www.caritasne2.org.br\/site\/wp-json\/wp\/v2\/users\/4"}],"replies":[{"embeddable":true,"href":"https:\/\/www.caritasne2.org.br\/site\/wp-json\/wp\/v2\/comments?post=10720"}],"version-history":[{"count":3,"href":"https:\/\/www.caritasne2.org.br\/site\/wp-json\/wp\/v2\/posts\/10720\/revisions"}],"predecessor-version":[{"id":10730,"href":"https:\/\/www.caritasne2.org.br\/site\/wp-json\/wp\/v2\/posts\/10720\/revisions\/10730"}],"wp:featuredmedia":[{"embeddable":true,"href":"https:\/\/www.caritasne2.org.br\/site\/wp-json\/wp\/v2\/media\/10727"}],"wp:attachment":[{"href":"https:\/\/www.caritasne2.org.br\/site\/wp-json\/wp\/v2\/media?parent=10720"}],"wp:term":[{"taxonomy":"category","embeddable":true,"href":"https:\/\/www.caritasne2.org.br\/site\/wp-json\/wp\/v2\/categories?post=10720"},{"taxonomy":"post_tag","embeddable":true,"href":"https:\/\/www.caritasne2.org.br\/site\/wp-json\/wp\/v2\/tags?post=10720"}],"curies":[{"name":"wp","href":"https:\/\/api.w.org\/{rel}","templated":true}]}}