{"id":10705,"date":"2023-03-08T12:05:31","date_gmt":"2023-03-08T15:05:31","guid":{"rendered":"https:\/\/www.caritasne2.org.br\/site\/?p=10705"},"modified":"2023-03-08T12:10:34","modified_gmt":"2023-03-08T15:10:34","slug":"caritas-brasileira-ne2-lanca-edital-simplificado-pra-assistente-financeiro-e-administrativo-a","status":"publish","type":"post","link":"https:\/\/www.caritasne2.org.br\/site\/caritas-brasileira-ne2-lanca-edital-simplificado-pra-assistente-financeiro-e-administrativo-a\/","title":{"rendered":"C\u00e1ritas Brasileira NE2 lan\u00e7a edital simplificado pra assistente financeiro e administrativo"},"content":{"rendered":"<p>A C\u00e1ritas Brasileira Regional NE2, organismo da Confer\u00eancia Nacional dos Bispos do Brasil (CNBB), no uso de suas atribui\u00e7\u00f5es legais, torna p\u00fablico a realiza\u00e7\u00e3o do processo seletivo simplificado \u2013Edital N\u00ba 016\/2023 CBNE2 para contrata\u00e7\u00e3o imediata de pessoal.<\/p>\n<p>As vagas ofertadas s\u00e3o para as seguintes fun\u00e7\u00f5es:<\/p>\n<ul>\n<li>Assistente Financeiro \u2013 01( uma) vaga<\/li>\n<li>Assistente administrativo \u2013 01 (uma ) vaga<\/li>\n<\/ul>\n<p>Os(as) interessados(as)\u00a0 podem enviar curr\u00edculo de 08 a 13 de mar\u00e7o de 2023, at\u00e9 \u00e0s 23h59 ( hor\u00e1rio de Bras\u00edlia) , atrav\u00e9s do endere\u00e7o eletr\u00f4nico caritasne2@caritas.org.br, com o seguinte t\u00edtulo: \u00a0C\u00e1ritas Brasileira Regional Nordeste 2 \u2013 Edital de Sele\u00e7\u00e3o N\u00ba 016\/2023 (NOME DO CARGO PRETENDIDO).<\/p>\n<p>Confira edital completo\u00a0<a href=\"https:\/\/www.caritasne2.org.br\/site\/wp-content\/uploads\/2023\/03\/Selecao-Simplificada-Contratacao-Assistente-Administrativo-e-Assistente-Financeiro-CBNE2_-016_2023.pdf\">aqui<\/a>.<\/p>\n<ul class=\"ssb_list_wrapper\"><li class=\"fb2\" style=\"width:135px\"><iframe src=\"\/\/www.facebook.com\/plugins\/like.php?href=https%3A%2F%2Fwww.caritasne2.org.br%2Fsite%2Fcaritas-brasileira-ne2-lanca-edital-simplificado-pra-assistente-financeiro-e-administrativo-a%2F&amp;layout=button_count&amp;action=like&amp;show_faces=false&amp;share=true&amp;width=135&amp;height=21&amp;appId=307091639398582\" scrolling=\"no\" frameborder=\"0\" style=\"border:none; overflow:hidden;  width:150px; height:21px;\" allowTransparency=\"true\"><\/iframe><\/li><li class=\"twtr\" style=\"width:90px\"><a href=\"https:\/\/twitter.com\/share\" class=\"twitter-share-button\" data-url=\"https:\/\/www.caritasne2.org.br\/site\/caritas-brasileira-ne2-lanca-edital-simplificado-pra-assistente-financeiro-e-administrativo-a\/\">&nbsp;<\/a><script>!function(d,s,id){var js,fjs=d.getElementsByTagName(s)[0],p=\/^http:\/.test(d.location)?'http':'https';if(!d.getElementById(id)){js=d.createElement(s);js.id=id;js.src=p+':\/\/platform.twitter.com\/widgets.js';fjs.parentNode.insertBefore(js,fjs);}}(document, 'script', 'twitter-wjs');<\/script><\/li><li class=\"gplus\" style=\"width:68px\"><div class=\"g-plusone\" data-size=\"medium\" data-href=\"https:\/\/www.caritasne2.org.br\/site\/caritas-brasileira-ne2-lanca-edital-simplificado-pra-assistente-financeiro-e-administrativo-a\/\"><\/div><\/li><li class=\"ssb_linkedin\" style=\"width:64px\"><script src=\"\/\/platform.linkedin.com\/in.js\" type=\"text\/javascript\">lang: en_US<\/script><script type=\"IN\/Share\" data-url=\"https:\/\/www.caritasne2.org.br\/site\/caritas-brasileira-ne2-lanca-edital-simplificado-pra-assistente-financeiro-e-administrativo-a\/\" data-counter=\"right\"><\/script><\/li><\/ul>","protected":false},"excerpt":{"rendered":"<p>A C\u00e1ritas Brasileira Regional NE2, organismo da Confer\u00eancia Nacional dos Bispos do Brasil (CNBB), no uso de suas atribui\u00e7\u00f5es legais, torna p\u00fablico a realiza\u00e7\u00e3o do processo seletivo simplificado \u2013Edital N\u00ba 016\/2023 CBNE2 para contrata\u00e7\u00e3o imediata de pessoal. As vagas ofertadas s\u00e3o para as seguintes fun\u00e7\u00f5es: Assistente Financeiro \u2013 01( uma) vaga Assistente administrativo \u2013 01 (uma ) vaga Os(as) interessados(as)\u00a0 podem enviar curr\u00edculo de 08 [&hellip;]<\/p>\n<ul class=\"ssb_list_wrapper\"><li class=\"fb2\" style=\"width:135px\"><iframe src=\"\/\/www.facebook.com\/plugins\/like.php?href=https%3A%2F%2Fwww.caritasne2.org.br%2Fsite%2Fcaritas-brasileira-ne2-lanca-edital-simplificado-pra-assistente-financeiro-e-administrativo-a%2F&amp;layout=button_count&amp;action=like&amp;show_faces=false&amp;share=true&amp;width=135&amp;height=21&amp;appId=307091639398582\" scrolling=\"no\" frameborder=\"0\" style=\"border:none; overflow:hidden;  width:150px; height:21px;\" allowTransparency=\"true\"><\/iframe><\/li><li class=\"twtr\" style=\"width:90px\"><a href=\"https:\/\/twitter.com\/share\" class=\"twitter-share-button\" data-url=\"https:\/\/www.caritasne2.org.br\/site\/caritas-brasileira-ne2-lanca-edital-simplificado-pra-assistente-financeiro-e-administrativo-a\/\">&nbsp;<\/a><script>!function(d,s,id){var js,fjs=d.getElementsByTagName(s)[0],p=\/^http:\/.test(d.location)?'http':'https';if(!d.getElementById(id)){js=d.createElement(s);js.id=id;js.src=p+':\/\/platform.twitter.com\/widgets.js';fjs.parentNode.insertBefore(js,fjs);}}(document, 'script', 'twitter-wjs');<\/script><\/li><li class=\"gplus\" style=\"width:68px\"><div class=\"g-plusone\" data-size=\"medium\" data-href=\"https:\/\/www.caritasne2.org.br\/site\/caritas-brasileira-ne2-lanca-edital-simplificado-pra-assistente-financeiro-e-administrativo-a\/\"><\/div><\/li><li class=\"ssb_linkedin\" style=\"width:64px\"><script src=\"\/\/platform.linkedin.com\/in.js\" type=\"text\/javascript\">lang: en_US<\/script><script type=\"IN\/Share\" data-url=\"https:\/\/www.caritasne2.org.br\/site\/caritas-brasileira-ne2-lanca-edital-simplificado-pra-assistente-financeiro-e-administrativo-a\/\" data-counter=\"right\"><\/script><\/li><\/ul>","protected":false},"author":4,"featured_media":10708,"comment_status":"open","ping_status":"open","sticky":false,"template":"","format":"standard","meta":[],"categories":[21,174,20],"tags":[],"_links":{"self":[{"href":"https:\/\/www.caritasne2.org.br\/site\/wp-json\/wp\/v2\/posts\/10705"}],"collection":[{"href":"https:\/\/www.caritasne2.org.br\/site\/wp-json\/wp\/v2\/posts"}],"about":[{"href":"https:\/\/www.caritasne2.org.br\/site\/wp-json\/wp\/v2\/types\/post"}],"author":[{"embeddable":true,"href":"https:\/\/www.caritasne2.org.br\/site\/wp-json\/wp\/v2\/users\/4"}],"replies":[{"embeddable":true,"href":"https:\/\/www.caritasne2.org.br\/site\/wp-json\/wp\/v2\/comments?post=10705"}],"version-history":[{"count":3,"href":"https:\/\/www.caritasne2.org.br\/site\/wp-json\/wp\/v2\/posts\/10705\/revisions"}],"predecessor-version":[{"id":10710,"href":"https:\/\/www.caritasne2.org.br\/site\/wp-json\/wp\/v2\/posts\/10705\/revisions\/10710"}],"wp:featuredmedia":[{"embeddable":true,"href":"https:\/\/www.caritasne2.org.br\/site\/wp-json\/wp\/v2\/media\/10708"}],"wp:attachment":[{"href":"https:\/\/www.caritasne2.org.br\/site\/wp-json\/wp\/v2\/media?parent=10705"}],"wp:term":[{"taxonomy":"category","embeddable":true,"href":"https:\/\/www.caritasne2.org.br\/site\/wp-json\/wp\/v2\/categories?post=10705"},{"taxonomy":"post_tag","embeddable":true,"href":"https:\/\/www.caritasne2.org.br\/site\/wp-json\/wp\/v2\/tags?post=10705"}],"curies":[{"name":"wp","href":"https:\/\/api.w.org\/{rel}","templated":true}]}}