{"id":1067,"date":"2013-06-14T00:33:54","date_gmt":"2013-06-14T03:33:54","guid":{"rendered":"http:\/\/ne2.caritas.org.br.s174889.gridserver.com\/?p=1067"},"modified":"2017-07-11T15:24:31","modified_gmt":"2017-07-11T18:24:31","slug":"encontro-comissoes-municipais-marca-inicio-das-atividades-p12-em-garanhuns","status":"publish","type":"post","link":"https:\/\/www.caritasne2.org.br\/site\/encontro-comissoes-municipais-marca-inicio-das-atividades-p12-em-garanhuns\/","title":{"rendered":"Encontro com comiss\u00f5es municipais marca in\u00edcio das atividades do P1+2 em Garanhuns"},"content":{"rendered":"<p>A C\u00e1ritas Brasileira Regional Nordeste 2, atrav\u00e9s do Programa Uma Terra e Duas \u00c1guas (P1+2) com financiamento da Petrobras, realizou, entre os dias 11 e 12 deste m\u00eas, em Garanhuns (PE), um encontro com representantes de sindicatos dos trabalhadores rurais e associa\u00e7\u00f5es comunit\u00e1rias.<\/p>\n<p>Os participantes do encontro fazem parte das comiss\u00f5es municipais, que ser\u00e3o parceiras no trabalho de identifica\u00e7\u00e3o e sele\u00e7\u00e3o das fam\u00edlias que ser\u00e3o atendidas pelo P1+2, nos munic\u00edpios de Bom Conselho, Capoeiras e Jucati.<\/p>\n<p>A programa\u00e7\u00e3o do evento est\u00e1 dividida entre o Semin\u00e1rio S\u00e3o Jos\u00e9, onde ser\u00e3o realizadas as reuni\u00f5es, e tamb\u00e9m na zona rural do munic\u00edpio de Cal\u00e7ado, outra cidade benefici\u00e1ria do programa com financiamento do Minist\u00e9rio do Desenvolvimento Social (MDS), desde 2012. Durante a visita em Cal\u00e7ado, os participantes do encontro ter\u00e3o a oportunidade de conhecer as tecnologias constru\u00eddas pelo P1+2.<\/p>\n<p><a href=\"http:\/\/ne2.caritas.org.br.s174889.gridserver.com\/2013\/06\/14\/encontro-comissoes-municipais-marca-inicio-das-atividades-p12-em-garanhuns\/comiss2\/\" rel=\"attachment wp-att-1069\"><img decoding=\"async\" loading=\"lazy\" class=\"alignleft  wp-image-1069\" title=\"COMISS~2\" src=\"http:\/\/ne2.caritas.org.br.s174889.gridserver.com\/wp-content\/uploads\/2013\/06\/COMISS2-150x150.jpg\" alt=\"\" width=\"266\" height=\"223\" \/><\/a>O primeiro dia de atividades contou com a apresenta\u00e7\u00e3o da trajet\u00f3ria da C\u00e1ritas Brasileira e da Articula\u00e7\u00e3o do Semi\u00e1rido (Asa Brasil), bem como din\u00e2micas de grupo que incentivam o trabalho em equipe. Ainda na ocasi\u00e3o e divididos por cidade, cada grupo apresentou as expectativas e os desafios que envolvem a realiza\u00e7\u00e3o do trabalho de constru\u00e7\u00f5es das tecnologias de segunda \u00e1gua.<\/p>\n<p>O coordenador do Programa Uma Terra e Duas \u00c1guas, Edim\u00edlson Paulino, destacou a import\u00e2ncia da parceria entre a C\u00e1ritas e as comiss\u00f5es municipais para a realiza\u00e7\u00e3o de um bom trabalho. \u201cA gente est\u00e1 aqui porque o povo precisa dessas cisternas e voc\u00eas, mais do que ningu\u00e9m, conhecem a realidade de cada comunidade. Nossa parceria \u00e9 muito importante\u201d, frisou.<\/p>\n<p>A avalia\u00e7\u00e3o do primeiro dia de encontro entre os participantes foi positiva. Durante a partilha final, a troca de experi\u00eancias entre os munic\u00edpios e a luta por uma vida melhor, marcaram a fala dos presentes, que sa\u00edram conscientes dos frutos quer ser\u00e3o produzidos pelo trabalho em conjunto.<\/p>\n<p>por Lidiane Santos \u2013 Jornalista, comunicadora popular da C\u00e1ritas NE2 e P1+2 em Garanhuns\/PE.<\/p>\n<ul class=\"ssb_list_wrapper\"><li class=\"fb2\" style=\"width:135px\"><iframe src=\"\/\/www.facebook.com\/plugins\/like.php?href=https%3A%2F%2Fwww.caritasne2.org.br%2Fsite%2Fencontro-comissoes-municipais-marca-inicio-das-atividades-p12-em-garanhuns%2F&amp;layout=button_count&amp;action=like&amp;show_faces=false&amp;share=true&amp;width=135&amp;height=21&amp;appId=307091639398582\" scrolling=\"no\" frameborder=\"0\" style=\"border:none; overflow:hidden;  width:150px; height:21px;\" allowTransparency=\"true\"><\/iframe><\/li><li class=\"twtr\" style=\"width:90px\"><a href=\"https:\/\/twitter.com\/share\" class=\"twitter-share-button\" data-url=\"https:\/\/www.caritasne2.org.br\/site\/encontro-comissoes-municipais-marca-inicio-das-atividades-p12-em-garanhuns\/\">&nbsp;<\/a><script>!function(d,s,id){var js,fjs=d.getElementsByTagName(s)[0],p=\/^http:\/.test(d.location)?'http':'https';if(!d.getElementById(id)){js=d.createElement(s);js.id=id;js.src=p+':\/\/platform.twitter.com\/widgets.js';fjs.parentNode.insertBefore(js,fjs);}}(document, 'script', 'twitter-wjs');<\/script><\/li><li class=\"gplus\" style=\"width:68px\"><div class=\"g-plusone\" data-size=\"medium\" data-href=\"https:\/\/www.caritasne2.org.br\/site\/encontro-comissoes-municipais-marca-inicio-das-atividades-p12-em-garanhuns\/\"><\/div><\/li><li class=\"ssb_linkedin\" style=\"width:64px\"><script src=\"\/\/platform.linkedin.com\/in.js\" type=\"text\/javascript\">lang: en_US<\/script><script type=\"IN\/Share\" data-url=\"https:\/\/www.caritasne2.org.br\/site\/encontro-comissoes-municipais-marca-inicio-das-atividades-p12-em-garanhuns\/\" data-counter=\"right\"><\/script><\/li><\/ul>","protected":false},"excerpt":{"rendered":"<p>A C\u00e1ritas Brasileira Regional Nordeste 2, atrav\u00e9s do Programa Uma Terra e Duas \u00c1guas (P1+2) com financiamento da Petrobras, realizou, entre os dias 11 e 12 deste m\u00eas, em Garanhuns (PE), um encontro com representantes de sindicatos dos trabalhadores rurais e associa\u00e7\u00f5es comunit\u00e1rias. Os participantes do encontro fazem parte das comiss\u00f5es municipais, que ser\u00e3o parceiras no trabalho de identifica\u00e7\u00e3o e sele\u00e7\u00e3o das fam\u00edlias que ser\u00e3o [&hellip;]<\/p>\n<ul class=\"ssb_list_wrapper\"><li class=\"fb2\" style=\"width:135px\"><iframe src=\"\/\/www.facebook.com\/plugins\/like.php?href=https%3A%2F%2Fwww.caritasne2.org.br%2Fsite%2Fencontro-comissoes-municipais-marca-inicio-das-atividades-p12-em-garanhuns%2F&amp;layout=button_count&amp;action=like&amp;show_faces=false&amp;share=true&amp;width=135&amp;height=21&amp;appId=307091639398582\" scrolling=\"no\" frameborder=\"0\" style=\"border:none; overflow:hidden;  width:150px; height:21px;\" allowTransparency=\"true\"><\/iframe><\/li><li class=\"twtr\" style=\"width:90px\"><a href=\"https:\/\/twitter.com\/share\" class=\"twitter-share-button\" data-url=\"https:\/\/www.caritasne2.org.br\/site\/encontro-comissoes-municipais-marca-inicio-das-atividades-p12-em-garanhuns\/\">&nbsp;<\/a><script>!function(d,s,id){var js,fjs=d.getElementsByTagName(s)[0],p=\/^http:\/.test(d.location)?'http':'https';if(!d.getElementById(id)){js=d.createElement(s);js.id=id;js.src=p+':\/\/platform.twitter.com\/widgets.js';fjs.parentNode.insertBefore(js,fjs);}}(document, 'script', 'twitter-wjs');<\/script><\/li><li class=\"gplus\" style=\"width:68px\"><div class=\"g-plusone\" data-size=\"medium\" data-href=\"https:\/\/www.caritasne2.org.br\/site\/encontro-comissoes-municipais-marca-inicio-das-atividades-p12-em-garanhuns\/\"><\/div><\/li><li class=\"ssb_linkedin\" style=\"width:64px\"><script src=\"\/\/platform.linkedin.com\/in.js\" type=\"text\/javascript\">lang: en_US<\/script><script type=\"IN\/Share\" data-url=\"https:\/\/www.caritasne2.org.br\/site\/encontro-comissoes-municipais-marca-inicio-das-atividades-p12-em-garanhuns\/\" data-counter=\"right\"><\/script><\/li><\/ul>","protected":false},"author":4,"featured_media":1068,"comment_status":"open","ping_status":"open","sticky":false,"template":"","format":"standard","meta":[],"categories":[20,224],"tags":[222,67,177,232,160],"_links":{"self":[{"href":"https:\/\/www.caritasne2.org.br\/site\/wp-json\/wp\/v2\/posts\/1067"}],"collection":[{"href":"https:\/\/www.caritasne2.org.br\/site\/wp-json\/wp\/v2\/posts"}],"about":[{"href":"https:\/\/www.caritasne2.org.br\/site\/wp-json\/wp\/v2\/types\/post"}],"author":[{"embeddable":true,"href":"https:\/\/www.caritasne2.org.br\/site\/wp-json\/wp\/v2\/users\/4"}],"replies":[{"embeddable":true,"href":"https:\/\/www.caritasne2.org.br\/site\/wp-json\/wp\/v2\/comments?post=1067"}],"version-history":[{"count":0,"href":"https:\/\/www.caritasne2.org.br\/site\/wp-json\/wp\/v2\/posts\/1067\/revisions"}],"wp:featuredmedia":[{"embeddable":true,"href":"https:\/\/www.caritasne2.org.br\/site\/wp-json\/wp\/v2\/media\/1068"}],"wp:attachment":[{"href":"https:\/\/www.caritasne2.org.br\/site\/wp-json\/wp\/v2\/media?parent=1067"}],"wp:term":[{"taxonomy":"category","embeddable":true,"href":"https:\/\/www.caritasne2.org.br\/site\/wp-json\/wp\/v2\/categories?post=1067"},{"taxonomy":"post_tag","embeddable":true,"href":"https:\/\/www.caritasne2.org.br\/site\/wp-json\/wp\/v2\/tags?post=1067"}],"curies":[{"name":"wp","href":"https:\/\/api.w.org\/{rel}","templated":true}]}}