{"id":1039,"date":"2013-06-06T17:07:51","date_gmt":"2013-06-06T20:07:51","guid":{"rendered":"http:\/\/ne2.caritas.org.br.s174889.gridserver.com\/?p=1039"},"modified":"2017-07-11T15:24:31","modified_gmt":"2017-07-11T18:24:31","slug":"equipe-da-caritas-ne-2-em-garanhuns-recebe-novos-integrantes","status":"publish","type":"post","link":"https:\/\/www.caritasne2.org.br\/site\/equipe-da-caritas-ne-2-em-garanhuns-recebe-novos-integrantes\/","title":{"rendered":"Equipe da C\u00e1ritas NE 2 em Garanhuns recebe novos integrantes"},"content":{"rendered":"<p style=\"text-align: justify;\">A C\u00e1ritas Brasileira Regional Nordeste 2, em Garanhuns, recebeu, na\u00a0 quarta-feira (29\/05), os novos integrantes do Programa Uma Terra e Duas \u00c1guas (P1+2) financiado pela Petrobras. A apresenta\u00e7\u00e3o ocorreu durante o encontro com o padre Jandeilson Alencar, no Semin\u00e1rio S\u00e3o Jos\u00e9, na cidade.<\/p>\n<p style=\"text-align: justify;\"><a href=\"http:\/\/ne2.caritas.org.br.s174889.gridserver.com\/2013\/06\/06\/equipe-da-caritas-ne-2-em-garanhuns-recebe-novos-integrantes\/sam_0372-3\/\" rel=\"attachment wp-att-1043\"><img decoding=\"async\" loading=\"lazy\" class=\"alignleft  wp-image-1043\" title=\"SAM_0372\" src=\"http:\/\/ne2.caritas.org.br.s174889.gridserver.com\/wp-content\/uploads\/2013\/06\/SAM_03722-300x224.jpg\" alt=\"\" width=\"201\" height=\"149\" \/><\/a>Na ocasi\u00e3o, reunidos em c\u00edrculo, os Agentes C\u00e1ritas receberam a tarefa de desenhar e escrever na cartolina tr\u00eas qualidades que lhes identificassem, a fim de facilitar o entrosamento entre a equipe. Ap\u00f3s o momento de apresenta\u00e7\u00e3o, Pe. Jandeilson explicou a miss\u00e3o da C\u00e1ritas Brasileira e destacou a import\u00e2ncia de testemunhar.<\/p>\n<p style=\"text-align: justify;\">Os programas e projetos assistidos pela C\u00e1ritas tamb\u00e9m pautaram o encontro, assim como as atribui\u00e7\u00f5es dos cargos que integram a equipe: coordenador, gerente financeiro, auxiliar administrativo, articulador de campo e comunicador popular.<\/p>\n<p style=\"text-align: justify;\">A troca de experi\u00eancias e a import\u00e2ncia do trabalho em equipe receberam destaque na fala do padre. \u201c\u00c9 importante frisar que, a partir de agora, n\u00e3o h\u00e1 mais equipe um ou dois, somos um grupo \u00fanico, trabalharemos juntos\u201d, afirmou.<\/p>\n<p>por Lidiane Santos &#8211; Jornalista, comunicadora popular da C\u00e1ritas NE2 e P1+2 em Garanhuns\/PE.<\/p>\n<p>&nbsp;<\/p>\n<p>&nbsp;<\/p>\n<ul class=\"ssb_list_wrapper\"><li class=\"fb2\" style=\"width:135px\"><iframe src=\"\/\/www.facebook.com\/plugins\/like.php?href=https%3A%2F%2Fwww.caritasne2.org.br%2Fsite%2Fequipe-da-caritas-ne-2-em-garanhuns-recebe-novos-integrantes%2F&amp;layout=button_count&amp;action=like&amp;show_faces=false&amp;share=true&amp;width=135&amp;height=21&amp;appId=307091639398582\" scrolling=\"no\" frameborder=\"0\" style=\"border:none; overflow:hidden;  width:150px; height:21px;\" allowTransparency=\"true\"><\/iframe><\/li><li class=\"twtr\" style=\"width:90px\"><a href=\"https:\/\/twitter.com\/share\" class=\"twitter-share-button\" data-url=\"https:\/\/www.caritasne2.org.br\/site\/equipe-da-caritas-ne-2-em-garanhuns-recebe-novos-integrantes\/\">&nbsp;<\/a><script>!function(d,s,id){var js,fjs=d.getElementsByTagName(s)[0],p=\/^http:\/.test(d.location)?'http':'https';if(!d.getElementById(id)){js=d.createElement(s);js.id=id;js.src=p+':\/\/platform.twitter.com\/widgets.js';fjs.parentNode.insertBefore(js,fjs);}}(document, 'script', 'twitter-wjs');<\/script><\/li><li class=\"gplus\" style=\"width:68px\"><div class=\"g-plusone\" data-size=\"medium\" data-href=\"https:\/\/www.caritasne2.org.br\/site\/equipe-da-caritas-ne-2-em-garanhuns-recebe-novos-integrantes\/\"><\/div><\/li><li class=\"ssb_linkedin\" style=\"width:64px\"><script src=\"\/\/platform.linkedin.com\/in.js\" type=\"text\/javascript\">lang: en_US<\/script><script type=\"IN\/Share\" data-url=\"https:\/\/www.caritasne2.org.br\/site\/equipe-da-caritas-ne-2-em-garanhuns-recebe-novos-integrantes\/\" data-counter=\"right\"><\/script><\/li><\/ul>","protected":false},"excerpt":{"rendered":"<p>A C\u00e1ritas Brasileira Regional Nordeste 2, em Garanhuns, recebeu, na\u00a0 quarta-feira (29\/05), os novos integrantes do Programa Uma Terra e Duas \u00c1guas (P1+2) financiado pela Petrobras. A apresenta\u00e7\u00e3o ocorreu durante o encontro com o padre Jandeilson Alencar, no Semin\u00e1rio S\u00e3o Jos\u00e9, na cidade. Na ocasi\u00e3o, reunidos em c\u00edrculo, os Agentes C\u00e1ritas receberam a tarefa de desenhar e escrever na cartolina tr\u00eas qualidades que lhes identificassem, [&hellip;]<\/p>\n<ul class=\"ssb_list_wrapper\"><li class=\"fb2\" style=\"width:135px\"><iframe src=\"\/\/www.facebook.com\/plugins\/like.php?href=https%3A%2F%2Fwww.caritasne2.org.br%2Fsite%2Fequipe-da-caritas-ne-2-em-garanhuns-recebe-novos-integrantes%2F&amp;layout=button_count&amp;action=like&amp;show_faces=false&amp;share=true&amp;width=135&amp;height=21&amp;appId=307091639398582\" scrolling=\"no\" frameborder=\"0\" style=\"border:none; overflow:hidden;  width:150px; height:21px;\" allowTransparency=\"true\"><\/iframe><\/li><li class=\"twtr\" style=\"width:90px\"><a href=\"https:\/\/twitter.com\/share\" class=\"twitter-share-button\" data-url=\"https:\/\/www.caritasne2.org.br\/site\/equipe-da-caritas-ne-2-em-garanhuns-recebe-novos-integrantes\/\">&nbsp;<\/a><script>!function(d,s,id){var js,fjs=d.getElementsByTagName(s)[0],p=\/^http:\/.test(d.location)?'http':'https';if(!d.getElementById(id)){js=d.createElement(s);js.id=id;js.src=p+':\/\/platform.twitter.com\/widgets.js';fjs.parentNode.insertBefore(js,fjs);}}(document, 'script', 'twitter-wjs');<\/script><\/li><li class=\"gplus\" style=\"width:68px\"><div class=\"g-plusone\" data-size=\"medium\" data-href=\"https:\/\/www.caritasne2.org.br\/site\/equipe-da-caritas-ne-2-em-garanhuns-recebe-novos-integrantes\/\"><\/div><\/li><li class=\"ssb_linkedin\" style=\"width:64px\"><script src=\"\/\/platform.linkedin.com\/in.js\" type=\"text\/javascript\">lang: en_US<\/script><script type=\"IN\/Share\" data-url=\"https:\/\/www.caritasne2.org.br\/site\/equipe-da-caritas-ne-2-em-garanhuns-recebe-novos-integrantes\/\" data-counter=\"right\"><\/script><\/li><\/ul>","protected":false},"author":4,"featured_media":1040,"comment_status":"open","ping_status":"open","sticky":false,"template":"","format":"standard","meta":[],"categories":[20],"tags":[59,67,226,227,160],"_links":{"self":[{"href":"https:\/\/www.caritasne2.org.br\/site\/wp-json\/wp\/v2\/posts\/1039"}],"collection":[{"href":"https:\/\/www.caritasne2.org.br\/site\/wp-json\/wp\/v2\/posts"}],"about":[{"href":"https:\/\/www.caritasne2.org.br\/site\/wp-json\/wp\/v2\/types\/post"}],"author":[{"embeddable":true,"href":"https:\/\/www.caritasne2.org.br\/site\/wp-json\/wp\/v2\/users\/4"}],"replies":[{"embeddable":true,"href":"https:\/\/www.caritasne2.org.br\/site\/wp-json\/wp\/v2\/comments?post=1039"}],"version-history":[{"count":0,"href":"https:\/\/www.caritasne2.org.br\/site\/wp-json\/wp\/v2\/posts\/1039\/revisions"}],"wp:featuredmedia":[{"embeddable":true,"href":"https:\/\/www.caritasne2.org.br\/site\/wp-json\/wp\/v2\/media\/1040"}],"wp:attachment":[{"href":"https:\/\/www.caritasne2.org.br\/site\/wp-json\/wp\/v2\/media?parent=1039"}],"wp:term":[{"taxonomy":"category","embeddable":true,"href":"https:\/\/www.caritasne2.org.br\/site\/wp-json\/wp\/v2\/categories?post=1039"},{"taxonomy":"post_tag","embeddable":true,"href":"https:\/\/www.caritasne2.org.br\/site\/wp-json\/wp\/v2\/tags?post=1039"}],"curies":[{"name":"wp","href":"https:\/\/api.w.org\/{rel}","templated":true}]}}