{"id":10275,"date":"2022-09-30T10:16:44","date_gmt":"2022-09-30T13:16:44","guid":{"rendered":"https:\/\/www.caritasne2.org.br\/?p=10275"},"modified":"2022-10-07T10:17:05","modified_gmt":"2022-10-07T13:17:05","slug":"confira-a-cartilha-de-orientacoes-para-multiplicadores-da-campanha-fazer-politica-democraticamente","status":"publish","type":"post","link":"https:\/\/www.caritasne2.org.br\/site\/confira-a-cartilha-de-orientacoes-para-multiplicadores-da-campanha-fazer-politica-democraticamente\/","title":{"rendered":"Confira a Cartilha de Orienta\u00e7\u00f5es para Multiplicadores da Campanha Fazer Pol\u00edtica Democraticamente"},"content":{"rendered":"<p>A campanha tem como objetivo a conscientiza\u00e7\u00e3o pol\u00edtica e estimular posicionamentos cr\u00edticos perante as elei\u00e7\u00f5es que acontecem neste ano no Brasil, bem como ressaltar a import\u00e2ncia da organiza\u00e7\u00e3o social na conquista de direitos.<\/p>\n<p>Visando multiplicar esse objetivo, a CBNE2 criou uma cartilha com uma s\u00e9rie de passos e orienta\u00e7\u00f5es sobre como implementar e difundir a campanha no territ\u00f3rio dos 4 estados que comp\u00f5e o Regional NE2.<\/p>\n<p>Confira o instrumental <a href=\"https:\/\/www.caritasne2.org.br\/wp-content\/uploads\/2022\/10\/Cartilha-de-orientacoes-para-multiplicadores-CBNE2.pdf\">clicando aqui.<\/a><\/p>\n<ul class=\"ssb_list_wrapper\"><li class=\"fb2\" style=\"width:135px\"><iframe src=\"\/\/www.facebook.com\/plugins\/like.php?href=https%3A%2F%2Fwww.caritasne2.org.br%2Fsite%2Fconfira-a-cartilha-de-orientacoes-para-multiplicadores-da-campanha-fazer-politica-democraticamente%2F&amp;layout=button_count&amp;action=like&amp;show_faces=false&amp;share=true&amp;width=135&amp;height=21&amp;appId=307091639398582\" scrolling=\"no\" frameborder=\"0\" style=\"border:none; overflow:hidden;  width:150px; height:21px;\" allowTransparency=\"true\"><\/iframe><\/li><li class=\"twtr\" style=\"width:90px\"><a href=\"https:\/\/twitter.com\/share\" class=\"twitter-share-button\" data-url=\"https:\/\/www.caritasne2.org.br\/site\/confira-a-cartilha-de-orientacoes-para-multiplicadores-da-campanha-fazer-politica-democraticamente\/\">&nbsp;<\/a><script>!function(d,s,id){var js,fjs=d.getElementsByTagName(s)[0],p=\/^http:\/.test(d.location)?'http':'https';if(!d.getElementById(id)){js=d.createElement(s);js.id=id;js.src=p+':\/\/platform.twitter.com\/widgets.js';fjs.parentNode.insertBefore(js,fjs);}}(document, 'script', 'twitter-wjs');<\/script><\/li><li class=\"gplus\" style=\"width:68px\"><div class=\"g-plusone\" data-size=\"medium\" data-href=\"https:\/\/www.caritasne2.org.br\/site\/confira-a-cartilha-de-orientacoes-para-multiplicadores-da-campanha-fazer-politica-democraticamente\/\"><\/div><\/li><li class=\"ssb_linkedin\" style=\"width:64px\"><script src=\"\/\/platform.linkedin.com\/in.js\" type=\"text\/javascript\">lang: en_US<\/script><script type=\"IN\/Share\" data-url=\"https:\/\/www.caritasne2.org.br\/site\/confira-a-cartilha-de-orientacoes-para-multiplicadores-da-campanha-fazer-politica-democraticamente\/\" data-counter=\"right\"><\/script><\/li><\/ul>","protected":false},"excerpt":{"rendered":"<p>A campanha tem como objetivo a conscientiza\u00e7\u00e3o pol\u00edtica e estimular posicionamentos cr\u00edticos perante as elei\u00e7\u00f5es que acontecem neste ano no Brasil, bem como ressaltar a import\u00e2ncia da organiza\u00e7\u00e3o social na conquista de direitos. Visando multiplicar esse objetivo, a CBNE2 criou uma cartilha com uma s\u00e9rie de passos e orienta\u00e7\u00f5es sobre como implementar e difundir a campanha no territ\u00f3rio dos 4 estados que comp\u00f5e o Regional [&hellip;]<\/p>\n<ul class=\"ssb_list_wrapper\"><li class=\"fb2\" style=\"width:135px\"><iframe src=\"\/\/www.facebook.com\/plugins\/like.php?href=https%3A%2F%2Fwww.caritasne2.org.br%2Fsite%2Fconfira-a-cartilha-de-orientacoes-para-multiplicadores-da-campanha-fazer-politica-democraticamente%2F&amp;layout=button_count&amp;action=like&amp;show_faces=false&amp;share=true&amp;width=135&amp;height=21&amp;appId=307091639398582\" scrolling=\"no\" frameborder=\"0\" style=\"border:none; overflow:hidden;  width:150px; height:21px;\" allowTransparency=\"true\"><\/iframe><\/li><li class=\"twtr\" style=\"width:90px\"><a href=\"https:\/\/twitter.com\/share\" class=\"twitter-share-button\" data-url=\"https:\/\/www.caritasne2.org.br\/site\/confira-a-cartilha-de-orientacoes-para-multiplicadores-da-campanha-fazer-politica-democraticamente\/\">&nbsp;<\/a><script>!function(d,s,id){var js,fjs=d.getElementsByTagName(s)[0],p=\/^http:\/.test(d.location)?'http':'https';if(!d.getElementById(id)){js=d.createElement(s);js.id=id;js.src=p+':\/\/platform.twitter.com\/widgets.js';fjs.parentNode.insertBefore(js,fjs);}}(document, 'script', 'twitter-wjs');<\/script><\/li><li class=\"gplus\" style=\"width:68px\"><div class=\"g-plusone\" data-size=\"medium\" data-href=\"https:\/\/www.caritasne2.org.br\/site\/confira-a-cartilha-de-orientacoes-para-multiplicadores-da-campanha-fazer-politica-democraticamente\/\"><\/div><\/li><li class=\"ssb_linkedin\" style=\"width:64px\"><script src=\"\/\/platform.linkedin.com\/in.js\" type=\"text\/javascript\">lang: en_US<\/script><script type=\"IN\/Share\" data-url=\"https:\/\/www.caritasne2.org.br\/site\/confira-a-cartilha-de-orientacoes-para-multiplicadores-da-campanha-fazer-politica-democraticamente\/\" data-counter=\"right\"><\/script><\/li><\/ul>","protected":false},"author":4,"featured_media":10277,"comment_status":"open","ping_status":"open","sticky":false,"template":"","format":"standard","meta":[],"categories":[21,20],"tags":[],"_links":{"self":[{"href":"https:\/\/www.caritasne2.org.br\/site\/wp-json\/wp\/v2\/posts\/10275"}],"collection":[{"href":"https:\/\/www.caritasne2.org.br\/site\/wp-json\/wp\/v2\/posts"}],"about":[{"href":"https:\/\/www.caritasne2.org.br\/site\/wp-json\/wp\/v2\/types\/post"}],"author":[{"embeddable":true,"href":"https:\/\/www.caritasne2.org.br\/site\/wp-json\/wp\/v2\/users\/4"}],"replies":[{"embeddable":true,"href":"https:\/\/www.caritasne2.org.br\/site\/wp-json\/wp\/v2\/comments?post=10275"}],"version-history":[{"count":0,"href":"https:\/\/www.caritasne2.org.br\/site\/wp-json\/wp\/v2\/posts\/10275\/revisions"}],"wp:featuredmedia":[{"embeddable":true,"href":"https:\/\/www.caritasne2.org.br\/site\/wp-json\/wp\/v2\/media\/10277"}],"wp:attachment":[{"href":"https:\/\/www.caritasne2.org.br\/site\/wp-json\/wp\/v2\/media?parent=10275"}],"wp:term":[{"taxonomy":"category","embeddable":true,"href":"https:\/\/www.caritasne2.org.br\/site\/wp-json\/wp\/v2\/categories?post=10275"},{"taxonomy":"post_tag","embeddable":true,"href":"https:\/\/www.caritasne2.org.br\/site\/wp-json\/wp\/v2\/tags?post=10275"}],"curies":[{"name":"wp","href":"https:\/\/api.w.org\/{rel}","templated":true}]}}