{"id":10212,"date":"2022-09-21T10:06:30","date_gmt":"2022-09-21T13:06:30","guid":{"rendered":"https:\/\/www.caritasne2.org.br\/?p=10212"},"modified":"2022-09-21T15:56:51","modified_gmt":"2022-09-21T18:56:51","slug":"historias-de-superacao-familias-contempladas-com-unidades-demonstrativas-territoriais-contam-como-iniciativas-da-caritas-ne2-mudaram-suas-vidas","status":"publish","type":"post","link":"https:\/\/www.caritasne2.org.br\/site\/historias-de-superacao-familias-contempladas-com-unidades-demonstrativas-territoriais-contam-como-iniciativas-da-caritas-ne2-mudaram-suas-vidas\/","title":{"rendered":"Hist\u00f3rias de supera\u00e7\u00e3o: fam\u00edlias contempladas com Unidades Demonstrativas Territoriais contam como iniciativas da C\u00e1ritas NE2 mudaram suas vidas"},"content":{"rendered":"<p style=\"text-align: center;\"><em>Os depoimentos compilam hist\u00f3rias de benefici\u00e1rios(as) no estado da Para\u00edba, acompanhados pela C\u00e1ritas Diocesana de Campina Grande<\/em><\/p>\n<p>&nbsp;<\/p>\n<p style=\"font-weight: 400;\">\u201cEu era uma rosa murcha, agora eu sou uma rosa que desabrochou. Mesmo em meio a viol\u00eancia, hoje eu sinto que desabrochei\u201d, o relato \u00e9 de Rosilda dos Santos Lima, moradora do S\u00edtio das Furnas, em Campina Grande, Para\u00edba.\u00a0Rosilda, ou Dona Rosa, como gosta de ser chamada, recebeu seis tecnologias sociais integradas\u00a0 as Unidades Demonstrativas Territoriais UDT&#8217;s, que fazem parte do projeto \u201cPromo\u00e7\u00e3o e Defesa de Direitos na Perspectiva da Constru\u00e7\u00e3o de Sociedades do Bem Viver\u201d, parceria da C\u00e1ritas Brasileira NE2 &#8211; CBNE2 e Misereor.<\/p>\n<p style=\"font-weight: 400;\">Durante seu relato, a agricultura, m\u00e3e solo de 5 filhos, contou das in\u00fameras viol\u00eancias que sofreu ao longo de 23 anos por conta do ent\u00e3o ex-companheiro. V\u00edtima de viol\u00eancia dom\u00e9stica, dona Rosa, se via em um ciclo infinito de medo e ang\u00fastia sempre que via o marido voltar para casa.<\/p>\n<p style=\"font-weight: 400;\">Foi ent\u00e3o que resolveu denunciar as viol\u00eancias f\u00edsicas, e se inscreveu na lista de fam\u00edlias para receber as tecnologias sociais do Projeto. Quando sua hist\u00f3ria se espalhou, e chegou aos ouvidos de uma t\u00e9cnica de Campo da CBNE2, e de um di\u00e1cono da regi\u00e3o de Montadas, na Para\u00edba, a hist\u00f3ria de dona Rosa trilhou um desfecho impressionante, ela conseguiu receber seis tecnologias sociais que possibilitaram o complemento de sua renda, sendo: casais de animais, cocheira, forragem, tanques de ra\u00e7\u00e3o, composteira e um bio\u00e1gua. \u201c Quando eu soube que haveria possibilidade de\u00a0 ser contemplada nesse projeto eu me interessei bastante, eu j\u00e1 criava galinha, mas precisava de uma melhor estrutura e tamb\u00e9m precisava complementar minha renda, e esse projeto veio para me ajudar nesse sentido\u201d, completa dona Rosa.<\/p>\n<p><img decoding=\"async\" loading=\"lazy\" class=\"wp-image-10213 aligncenter\" src=\"https:\/\/www.caritasne2.org.br\/wp-content\/uploads\/2022\/09\/WhatsApp-Image-2022-09-21-at-09.59.50-300x225.jpeg\" alt=\"\" width=\"617\" height=\"463\" srcset=\"https:\/\/www.caritasne2.org.br\/site\/wp-content\/uploads\/2022\/09\/WhatsApp-Image-2022-09-21-at-09.59.50-300x225.jpeg 300w, https:\/\/www.caritasne2.org.br\/site\/wp-content\/uploads\/2022\/09\/WhatsApp-Image-2022-09-21-at-09.59.50-1024x768.jpeg 1024w, https:\/\/www.caritasne2.org.br\/site\/wp-content\/uploads\/2022\/09\/WhatsApp-Image-2022-09-21-at-09.59.50-768x576.jpeg 768w, https:\/\/www.caritasne2.org.br\/site\/wp-content\/uploads\/2022\/09\/WhatsApp-Image-2022-09-21-at-09.59.50-1536x1152.jpeg 1536w, https:\/\/www.caritasne2.org.br\/site\/wp-content\/uploads\/2022\/09\/WhatsApp-Image-2022-09-21-at-09.59.50.jpeg 1600w\" sizes=\"(max-width: 617px) 100vw, 617px\" \/><\/p>\n<p style=\"font-weight: 400;\">A propriedade da agricultura hoje em dia j\u00e1 ganhou cor e vida, como ela mesmo compara o canteiro de flores que cultiva na entrada de sua casa e que exibe com orgulho.\u00a0(inserir foto de dona Rosa na frente do Canteiro)<\/p>\n<p><strong>Economia no g\u00e1s de cozinha<\/strong><\/p>\n<p style=\"font-weight: 400;\">No mesmo munic\u00edpio, uma outra fam\u00edlia chama aten\u00e7\u00e3o pela hist\u00f3ria, no sentido da economia do g\u00e1s de cozinha atrav\u00e9s da implementa\u00e7\u00e3o de um biodigestor no quintal de casa.\u201cPor mim s\u00f3 tenho que agradecer, \u00e9 um prazer muito grande ter recebido esse projeto, minha renda est\u00e1 muito melhor, tenho economizado R$120,00 reais j\u00e1 h\u00e1 8 meses, se comprei um ou dois botij\u00f5es de g\u00e1s foi muito, s\u00f3 para ter uma reserva\u201d, relata seu Ant\u00f4nio, agricultor e benefici\u00e1rio do projeto \u201cPromo\u00e7\u00e3o e Defesa de Direitos na Perspectiva da Constru\u00e7\u00e3o de Sociedades do Bem Viver\u201d, no munic\u00edpio de Campina Grande, Para\u00edba.<\/p>\n<p><img decoding=\"async\" loading=\"lazy\" class=\"wp-image-10217 aligncenter\" src=\"https:\/\/www.caritasne2.org.br\/wp-content\/uploads\/2022\/09\/WhatsApp-Image-2022-09-21-at-09.59.52-1-300x225.jpeg\" alt=\"\" width=\"564\" height=\"423\" srcset=\"https:\/\/www.caritasne2.org.br\/site\/wp-content\/uploads\/2022\/09\/WhatsApp-Image-2022-09-21-at-09.59.52-1-300x225.jpeg 300w, https:\/\/www.caritasne2.org.br\/site\/wp-content\/uploads\/2022\/09\/WhatsApp-Image-2022-09-21-at-09.59.52-1-1024x768.jpeg 1024w, https:\/\/www.caritasne2.org.br\/site\/wp-content\/uploads\/2022\/09\/WhatsApp-Image-2022-09-21-at-09.59.52-1-768x576.jpeg 768w, https:\/\/www.caritasne2.org.br\/site\/wp-content\/uploads\/2022\/09\/WhatsApp-Image-2022-09-21-at-09.59.52-1-1536x1152.jpeg 1536w, https:\/\/www.caritasne2.org.br\/site\/wp-content\/uploads\/2022\/09\/WhatsApp-Image-2022-09-21-at-09.59.52-1.jpeg 1600w\" sizes=\"(max-width: 564px) 100vw, 564px\" \/><\/p>\n<p style=\"font-weight: 400;\">Al\u00e9m do biodigestor, Seu Ant\u00f4nio e sua esposa Maria do Socorro, receberam um casal de porcos de cria\u00e7\u00e3o para abastecimento do biodigestor,\u00a0uma fossa, um canteiro econ\u00f4mico e um bio\u00e1gua. &#8220;Este \u00e9 um per\u00edodo de muitas chuvas, mas j\u00e1 vamos iniciar a cuidar do nosso canteiro, gostei demais de receber tudo isso, mudou minha vida\u201d, conclui dona Maria do Socorro.<\/p>\n<p>&nbsp;<\/p>\n<p><img decoding=\"async\" loading=\"lazy\" class=\"wp-image-10214 aligncenter\" src=\"https:\/\/www.caritasne2.org.br\/wp-content\/uploads\/2022\/09\/WhatsApp-Image-2022-09-21-at-09.59.54-300x225.jpeg\" alt=\"\" width=\"504\" height=\"378\" srcset=\"https:\/\/www.caritasne2.org.br\/site\/wp-content\/uploads\/2022\/09\/WhatsApp-Image-2022-09-21-at-09.59.54-300x225.jpeg 300w, https:\/\/www.caritasne2.org.br\/site\/wp-content\/uploads\/2022\/09\/WhatsApp-Image-2022-09-21-at-09.59.54-1024x766.jpeg 1024w, https:\/\/www.caritasne2.org.br\/site\/wp-content\/uploads\/2022\/09\/WhatsApp-Image-2022-09-21-at-09.59.54-768x575.jpeg 768w, https:\/\/www.caritasne2.org.br\/site\/wp-content\/uploads\/2022\/09\/WhatsApp-Image-2022-09-21-at-09.59.54.jpeg 1280w\" sizes=\"(max-width: 504px) 100vw, 504px\" \/><\/p>\n<p><img decoding=\"async\" loading=\"lazy\" class=\"wp-image-10215 aligncenter\" src=\"https:\/\/www.caritasne2.org.br\/wp-content\/uploads\/2022\/09\/WhatsApp-Image-2022-09-21-at-09.59.53-1-300x169.jpeg\" alt=\"\" width=\"500\" height=\"282\" srcset=\"https:\/\/www.caritasne2.org.br\/site\/wp-content\/uploads\/2022\/09\/WhatsApp-Image-2022-09-21-at-09.59.53-1-300x169.jpeg 300w, https:\/\/www.caritasne2.org.br\/site\/wp-content\/uploads\/2022\/09\/WhatsApp-Image-2022-09-21-at-09.59.53-1-1024x576.jpeg 1024w, https:\/\/www.caritasne2.org.br\/site\/wp-content\/uploads\/2022\/09\/WhatsApp-Image-2022-09-21-at-09.59.53-1-768x432.jpeg 768w, https:\/\/www.caritasne2.org.br\/site\/wp-content\/uploads\/2022\/09\/WhatsApp-Image-2022-09-21-at-09.59.53-1-588x330.jpeg 588w, https:\/\/www.caritasne2.org.br\/site\/wp-content\/uploads\/2022\/09\/WhatsApp-Image-2022-09-21-at-09.59.53-1.jpeg 1280w\" sizes=\"(max-width: 500px) 100vw, 500px\" \/><\/p>\n<p><img decoding=\"async\" loading=\"lazy\" class=\"wp-image-10222 aligncenter\" src=\"https:\/\/www.caritasne2.org.br\/wp-content\/uploads\/2022\/09\/WhatsApp-Image-2022-09-21-at-09.59.49-1-300x225.jpeg\" alt=\"\" width=\"519\" height=\"389\" srcset=\"https:\/\/www.caritasne2.org.br\/site\/wp-content\/uploads\/2022\/09\/WhatsApp-Image-2022-09-21-at-09.59.49-1-300x225.jpeg 300w, https:\/\/www.caritasne2.org.br\/site\/wp-content\/uploads\/2022\/09\/WhatsApp-Image-2022-09-21-at-09.59.49-1-1024x768.jpeg 1024w, https:\/\/www.caritasne2.org.br\/site\/wp-content\/uploads\/2022\/09\/WhatsApp-Image-2022-09-21-at-09.59.49-1-768x576.jpeg 768w, https:\/\/www.caritasne2.org.br\/site\/wp-content\/uploads\/2022\/09\/WhatsApp-Image-2022-09-21-at-09.59.49-1-1536x1152.jpeg 1536w, https:\/\/www.caritasne2.org.br\/site\/wp-content\/uploads\/2022\/09\/WhatsApp-Image-2022-09-21-at-09.59.49-1.jpeg 1600w\" sizes=\"(max-width: 519px) 100vw, 519px\" \/><\/p>\n<p><img decoding=\"async\" loading=\"lazy\" class=\"wp-image-10224 aligncenter\" src=\"https:\/\/www.caritasne2.org.br\/wp-content\/uploads\/2022\/09\/WhatsApp-Image-2022-09-21-at-09.59.50-1-300x225.jpeg\" alt=\"\" width=\"477\" height=\"358\" srcset=\"https:\/\/www.caritasne2.org.br\/site\/wp-content\/uploads\/2022\/09\/WhatsApp-Image-2022-09-21-at-09.59.50-1-300x225.jpeg 300w, https:\/\/www.caritasne2.org.br\/site\/wp-content\/uploads\/2022\/09\/WhatsApp-Image-2022-09-21-at-09.59.50-1-1024x768.jpeg 1024w, https:\/\/www.caritasne2.org.br\/site\/wp-content\/uploads\/2022\/09\/WhatsApp-Image-2022-09-21-at-09.59.50-1-768x576.jpeg 768w, https:\/\/www.caritasne2.org.br\/site\/wp-content\/uploads\/2022\/09\/WhatsApp-Image-2022-09-21-at-09.59.50-1-1536x1152.jpeg 1536w, https:\/\/www.caritasne2.org.br\/site\/wp-content\/uploads\/2022\/09\/WhatsApp-Image-2022-09-21-at-09.59.50-1.jpeg 1600w\" sizes=\"(max-width: 477px) 100vw, 477px\" \/><\/p>\n<ul class=\"ssb_list_wrapper\"><li class=\"fb2\" style=\"width:135px\"><iframe src=\"\/\/www.facebook.com\/plugins\/like.php?href=https%3A%2F%2Fwww.caritasne2.org.br%2Fsite%2Fhistorias-de-superacao-familias-contempladas-com-unidades-demonstrativas-territoriais-contam-como-iniciativas-da-caritas-ne2-mudaram-suas-vidas%2F&amp;layout=button_count&amp;action=like&amp;show_faces=false&amp;share=true&amp;width=135&amp;height=21&amp;appId=307091639398582\" scrolling=\"no\" frameborder=\"0\" style=\"border:none; overflow:hidden;  width:150px; height:21px;\" allowTransparency=\"true\"><\/iframe><\/li><li class=\"twtr\" style=\"width:90px\"><a href=\"https:\/\/twitter.com\/share\" class=\"twitter-share-button\" data-url=\"https:\/\/www.caritasne2.org.br\/site\/historias-de-superacao-familias-contempladas-com-unidades-demonstrativas-territoriais-contam-como-iniciativas-da-caritas-ne2-mudaram-suas-vidas\/\">&nbsp;<\/a><script>!function(d,s,id){var js,fjs=d.getElementsByTagName(s)[0],p=\/^http:\/.test(d.location)?'http':'https';if(!d.getElementById(id)){js=d.createElement(s);js.id=id;js.src=p+':\/\/platform.twitter.com\/widgets.js';fjs.parentNode.insertBefore(js,fjs);}}(document, 'script', 'twitter-wjs');<\/script><\/li><li class=\"gplus\" style=\"width:68px\"><div class=\"g-plusone\" data-size=\"medium\" data-href=\"https:\/\/www.caritasne2.org.br\/site\/historias-de-superacao-familias-contempladas-com-unidades-demonstrativas-territoriais-contam-como-iniciativas-da-caritas-ne2-mudaram-suas-vidas\/\"><\/div><\/li><li class=\"ssb_linkedin\" style=\"width:64px\"><script src=\"\/\/platform.linkedin.com\/in.js\" type=\"text\/javascript\">lang: en_US<\/script><script type=\"IN\/Share\" data-url=\"https:\/\/www.caritasne2.org.br\/site\/historias-de-superacao-familias-contempladas-com-unidades-demonstrativas-territoriais-contam-como-iniciativas-da-caritas-ne2-mudaram-suas-vidas\/\" data-counter=\"right\"><\/script><\/li><\/ul>","protected":false},"excerpt":{"rendered":"<p>Os depoimentos compilam hist\u00f3rias de benefici\u00e1rios(as) no estado da Para\u00edba, acompanhados pela C\u00e1ritas Diocesana de Campina Grande &nbsp; \u201cEu era uma rosa murcha, agora eu sou uma rosa que desabrochou. Mesmo em meio a viol\u00eancia, hoje eu sinto que desabrochei\u201d, o relato \u00e9 de Rosilda dos Santos Lima, moradora do S\u00edtio das Furnas, em Campina Grande, Para\u00edba.\u00a0Rosilda, ou Dona Rosa, como gosta de ser chamada, [&hellip;]<\/p>\n<ul class=\"ssb_list_wrapper\"><li class=\"fb2\" style=\"width:135px\"><iframe src=\"\/\/www.facebook.com\/plugins\/like.php?href=https%3A%2F%2Fwww.caritasne2.org.br%2Fsite%2Fhistorias-de-superacao-familias-contempladas-com-unidades-demonstrativas-territoriais-contam-como-iniciativas-da-caritas-ne2-mudaram-suas-vidas%2F&amp;layout=button_count&amp;action=like&amp;show_faces=false&amp;share=true&amp;width=135&amp;height=21&amp;appId=307091639398582\" scrolling=\"no\" frameborder=\"0\" style=\"border:none; overflow:hidden;  width:150px; height:21px;\" allowTransparency=\"true\"><\/iframe><\/li><li class=\"twtr\" style=\"width:90px\"><a href=\"https:\/\/twitter.com\/share\" class=\"twitter-share-button\" data-url=\"https:\/\/www.caritasne2.org.br\/site\/historias-de-superacao-familias-contempladas-com-unidades-demonstrativas-territoriais-contam-como-iniciativas-da-caritas-ne2-mudaram-suas-vidas\/\">&nbsp;<\/a><script>!function(d,s,id){var js,fjs=d.getElementsByTagName(s)[0],p=\/^http:\/.test(d.location)?'http':'https';if(!d.getElementById(id)){js=d.createElement(s);js.id=id;js.src=p+':\/\/platform.twitter.com\/widgets.js';fjs.parentNode.insertBefore(js,fjs);}}(document, 'script', 'twitter-wjs');<\/script><\/li><li class=\"gplus\" style=\"width:68px\"><div class=\"g-plusone\" data-size=\"medium\" data-href=\"https:\/\/www.caritasne2.org.br\/site\/historias-de-superacao-familias-contempladas-com-unidades-demonstrativas-territoriais-contam-como-iniciativas-da-caritas-ne2-mudaram-suas-vidas\/\"><\/div><\/li><li class=\"ssb_linkedin\" style=\"width:64px\"><script src=\"\/\/platform.linkedin.com\/in.js\" type=\"text\/javascript\">lang: en_US<\/script><script type=\"IN\/Share\" data-url=\"https:\/\/www.caritasne2.org.br\/site\/historias-de-superacao-familias-contempladas-com-unidades-demonstrativas-territoriais-contam-como-iniciativas-da-caritas-ne2-mudaram-suas-vidas\/\" data-counter=\"right\"><\/script><\/li><\/ul>","protected":false},"author":4,"featured_media":10221,"comment_status":"open","ping_status":"open","sticky":false,"template":"","format":"standard","meta":[],"categories":[21,20],"tags":[],"_links":{"self":[{"href":"https:\/\/www.caritasne2.org.br\/site\/wp-json\/wp\/v2\/posts\/10212"}],"collection":[{"href":"https:\/\/www.caritasne2.org.br\/site\/wp-json\/wp\/v2\/posts"}],"about":[{"href":"https:\/\/www.caritasne2.org.br\/site\/wp-json\/wp\/v2\/types\/post"}],"author":[{"embeddable":true,"href":"https:\/\/www.caritasne2.org.br\/site\/wp-json\/wp\/v2\/users\/4"}],"replies":[{"embeddable":true,"href":"https:\/\/www.caritasne2.org.br\/site\/wp-json\/wp\/v2\/comments?post=10212"}],"version-history":[{"count":0,"href":"https:\/\/www.caritasne2.org.br\/site\/wp-json\/wp\/v2\/posts\/10212\/revisions"}],"wp:featuredmedia":[{"embeddable":true,"href":"https:\/\/www.caritasne2.org.br\/site\/wp-json\/wp\/v2\/media\/10221"}],"wp:attachment":[{"href":"https:\/\/www.caritasne2.org.br\/site\/wp-json\/wp\/v2\/media?parent=10212"}],"wp:term":[{"taxonomy":"category","embeddable":true,"href":"https:\/\/www.caritasne2.org.br\/site\/wp-json\/wp\/v2\/categories?post=10212"},{"taxonomy":"post_tag","embeddable":true,"href":"https:\/\/www.caritasne2.org.br\/site\/wp-json\/wp\/v2\/tags?post=10212"}],"curies":[{"name":"wp","href":"https:\/\/api.w.org\/{rel}","templated":true}]}}