{"id":10201,"date":"2022-09-19T08:53:31","date_gmt":"2022-09-19T11:53:31","guid":{"rendered":"https:\/\/www.caritasne2.org.br\/?p=10201"},"modified":"2023-01-25T12:02:41","modified_gmt":"2023-01-25T15:02:41","slug":"confira-o-relatorio-institucional-da-caritas-brasileira-ne2-em-2021","status":"publish","type":"post","link":"https:\/\/www.caritasne2.org.br\/site\/confira-o-relatorio-institucional-da-caritas-brasileira-ne2-em-2021\/","title":{"rendered":"Confira o Relat\u00f3rio Institucional da C\u00e1ritas Brasileira NE2 em 2021"},"content":{"rendered":"<p style=\"text-align: justify;\">Queridos e queridas, amigos e amigas da Rede C\u00e1ritas, que alegria para n\u00f3s \u00e9 compartilhar com todos e todas voc\u00eas um compilado de nossas a\u00e7\u00f5es. S\u00e3o atividades que passaram por tantas m\u00e3os solid\u00e1rias que fizeram acontecer a mudan\u00e7a na vida de muitas\u00a0 pessoas.<\/p>\n<p style=\"text-align: justify;\">Compartilhamos o relat\u00f3rio Anual das Atividades realizadas no ano de 2021, para acessar <a href=\"https:\/\/www.caritasne2.org.br\/site\/wp-content\/uploads\/2022\/09\/RELATORIO-ANUAL-CBNE-2021_Set.pdf\">clique aqui.<\/a><\/p>\n<p style=\"text-align: justify;\">Boa leitura, e que a experi\u00eancia nos inspire a ser cada vez mais agentes da transforma\u00e7\u00e3o e promotores da sociedade do Bem Viver.<\/p>\n<ul class=\"ssb_list_wrapper\"><li class=\"fb2\" style=\"width:135px\"><iframe src=\"\/\/www.facebook.com\/plugins\/like.php?href=https%3A%2F%2Fwww.caritasne2.org.br%2Fsite%2Fconfira-o-relatorio-institucional-da-caritas-brasileira-ne2-em-2021%2F&amp;layout=button_count&amp;action=like&amp;show_faces=false&amp;share=true&amp;width=135&amp;height=21&amp;appId=307091639398582\" scrolling=\"no\" frameborder=\"0\" style=\"border:none; overflow:hidden;  width:150px; height:21px;\" allowTransparency=\"true\"><\/iframe><\/li><li class=\"twtr\" style=\"width:90px\"><a href=\"https:\/\/twitter.com\/share\" class=\"twitter-share-button\" data-url=\"https:\/\/www.caritasne2.org.br\/site\/confira-o-relatorio-institucional-da-caritas-brasileira-ne2-em-2021\/\">&nbsp;<\/a><script>!function(d,s,id){var js,fjs=d.getElementsByTagName(s)[0],p=\/^http:\/.test(d.location)?'http':'https';if(!d.getElementById(id)){js=d.createElement(s);js.id=id;js.src=p+':\/\/platform.twitter.com\/widgets.js';fjs.parentNode.insertBefore(js,fjs);}}(document, 'script', 'twitter-wjs');<\/script><\/li><li class=\"gplus\" style=\"width:68px\"><div class=\"g-plusone\" data-size=\"medium\" data-href=\"https:\/\/www.caritasne2.org.br\/site\/confira-o-relatorio-institucional-da-caritas-brasileira-ne2-em-2021\/\"><\/div><\/li><li class=\"ssb_linkedin\" style=\"width:64px\"><script src=\"\/\/platform.linkedin.com\/in.js\" type=\"text\/javascript\">lang: en_US<\/script><script type=\"IN\/Share\" data-url=\"https:\/\/www.caritasne2.org.br\/site\/confira-o-relatorio-institucional-da-caritas-brasileira-ne2-em-2021\/\" data-counter=\"right\"><\/script><\/li><\/ul>","protected":false},"excerpt":{"rendered":"<p>Queridos e queridas, amigos e amigas da Rede C\u00e1ritas, que alegria para n\u00f3s \u00e9 compartilhar com todos e todas voc\u00eas um compilado de nossas a\u00e7\u00f5es. S\u00e3o atividades que passaram por tantas m\u00e3os solid\u00e1rias que fizeram acontecer a mudan\u00e7a na vida de muitas\u00a0 pessoas. Compartilhamos o relat\u00f3rio Anual das Atividades realizadas no ano de 2021, para acessar clique aqui. Boa leitura, e que a experi\u00eancia nos [&hellip;]<\/p>\n<ul class=\"ssb_list_wrapper\"><li class=\"fb2\" style=\"width:135px\"><iframe src=\"\/\/www.facebook.com\/plugins\/like.php?href=https%3A%2F%2Fwww.caritasne2.org.br%2Fsite%2Fconfira-o-relatorio-institucional-da-caritas-brasileira-ne2-em-2021%2F&amp;layout=button_count&amp;action=like&amp;show_faces=false&amp;share=true&amp;width=135&amp;height=21&amp;appId=307091639398582\" scrolling=\"no\" frameborder=\"0\" style=\"border:none; overflow:hidden;  width:150px; height:21px;\" allowTransparency=\"true\"><\/iframe><\/li><li class=\"twtr\" style=\"width:90px\"><a href=\"https:\/\/twitter.com\/share\" class=\"twitter-share-button\" data-url=\"https:\/\/www.caritasne2.org.br\/site\/confira-o-relatorio-institucional-da-caritas-brasileira-ne2-em-2021\/\">&nbsp;<\/a><script>!function(d,s,id){var js,fjs=d.getElementsByTagName(s)[0],p=\/^http:\/.test(d.location)?'http':'https';if(!d.getElementById(id)){js=d.createElement(s);js.id=id;js.src=p+':\/\/platform.twitter.com\/widgets.js';fjs.parentNode.insertBefore(js,fjs);}}(document, 'script', 'twitter-wjs');<\/script><\/li><li class=\"gplus\" style=\"width:68px\"><div class=\"g-plusone\" data-size=\"medium\" data-href=\"https:\/\/www.caritasne2.org.br\/site\/confira-o-relatorio-institucional-da-caritas-brasileira-ne2-em-2021\/\"><\/div><\/li><li class=\"ssb_linkedin\" style=\"width:64px\"><script src=\"\/\/platform.linkedin.com\/in.js\" type=\"text\/javascript\">lang: en_US<\/script><script type=\"IN\/Share\" data-url=\"https:\/\/www.caritasne2.org.br\/site\/confira-o-relatorio-institucional-da-caritas-brasileira-ne2-em-2021\/\" data-counter=\"right\"><\/script><\/li><\/ul>","protected":false},"author":4,"featured_media":10202,"comment_status":"open","ping_status":"open","sticky":false,"template":"","format":"standard","meta":[],"categories":[21,20],"tags":[],"_links":{"self":[{"href":"https:\/\/www.caritasne2.org.br\/site\/wp-json\/wp\/v2\/posts\/10201"}],"collection":[{"href":"https:\/\/www.caritasne2.org.br\/site\/wp-json\/wp\/v2\/posts"}],"about":[{"href":"https:\/\/www.caritasne2.org.br\/site\/wp-json\/wp\/v2\/types\/post"}],"author":[{"embeddable":true,"href":"https:\/\/www.caritasne2.org.br\/site\/wp-json\/wp\/v2\/users\/4"}],"replies":[{"embeddable":true,"href":"https:\/\/www.caritasne2.org.br\/site\/wp-json\/wp\/v2\/comments?post=10201"}],"version-history":[{"count":1,"href":"https:\/\/www.caritasne2.org.br\/site\/wp-json\/wp\/v2\/posts\/10201\/revisions"}],"predecessor-version":[{"id":10648,"href":"https:\/\/www.caritasne2.org.br\/site\/wp-json\/wp\/v2\/posts\/10201\/revisions\/10648"}],"wp:featuredmedia":[{"embeddable":true,"href":"https:\/\/www.caritasne2.org.br\/site\/wp-json\/wp\/v2\/media\/10202"}],"wp:attachment":[{"href":"https:\/\/www.caritasne2.org.br\/site\/wp-json\/wp\/v2\/media?parent=10201"}],"wp:term":[{"taxonomy":"category","embeddable":true,"href":"https:\/\/www.caritasne2.org.br\/site\/wp-json\/wp\/v2\/categories?post=10201"},{"taxonomy":"post_tag","embeddable":true,"href":"https:\/\/www.caritasne2.org.br\/site\/wp-json\/wp\/v2\/tags?post=10201"}],"curies":[{"name":"wp","href":"https:\/\/api.w.org\/{rel}","templated":true}]}}