{"id":10192,"date":"2022-09-16T08:00:41","date_gmt":"2022-09-16T11:00:41","guid":{"rendered":"https:\/\/www.caritasne2.org.br\/?p=10192"},"modified":"2022-09-20T17:52:12","modified_gmt":"2022-09-20T20:52:12","slug":"encontro-mobiliza-parcerias-para-laboratorio-vivo-de-ecotecnologias-no-cabo-de-santo-agostinho","status":"publish","type":"post","link":"https:\/\/www.caritasne2.org.br\/site\/encontro-mobiliza-parcerias-para-laboratorio-vivo-de-ecotecnologias-no-cabo-de-santo-agostinho\/","title":{"rendered":"Encontro  mobiliza parcerias para laborat\u00f3rio vivo de ecotecnologias no Cabo de Santo Agostinho"},"content":{"rendered":"<p style=\"text-align: justify;\">A C\u00e1ritas Brasileira NE2 atrav\u00e9s do projeto Quintais Ecoprodutivos, realizado em parceria com Complexo Portu\u00e1rio de Suape, assessora a preserva\u00e7\u00e3o do laborat\u00f3rio vivo de ecotecnologias implementado no munic\u00edpio do Cabo de Santo Agostinho. O objetivo do espa\u00e7o \u00e9 fomentar a seguran\u00e7a alimentar e gera\u00e7\u00e3o de renda para inclus\u00e3o socioprodutiva em comunidades consolidadas no territ\u00f3rio do Complexo Industrial Portu\u00e1rio de Suape.<\/p>\n<p style=\"text-align: justify;\">Nesta ter\u00e7a, 13, a C\u00e1ritas NE2 promoveu um encontro no bairro de Vila Claudete com finalidade de mobilizar parcerias para o laborat\u00f3rio para fomentar\u00a0 o projeto, atrav\u00e9s de insumos, atividades, forma\u00e7\u00f5es, palestras etc.<\/p>\n<p style=\"text-align: justify;\">Na ocasi\u00e3o a equipe t\u00e9cnica da C\u00e1ritas apresentou o\u00a0 projeto Quintais Ecoprodutivos, seus objetivos e \u00e1rea de atua\u00e7\u00e3o, seguido de uma roda de conversa sobre poss\u00edveis potenciais de cada parceiro e quais os caminhos para consolida\u00e7\u00e3o do apoio.<\/p>\n<p style=\"text-align: justify;\">Incialmente as parcerias ir\u00e3o atender o laborat\u00f3rio do Cabo de Santo Agostinho, mas podem ser ampliadas aos demais espa\u00e7os localizados em Gaibu, Tatuoca, Massangana, Vila Claudete e Sacambu<\/p>\n<p style=\"text-align: justify;\">Participaram do encontro equipe \u00a0t\u00e9cnica da C\u00e1ritas NE2 respons\u00e1vel pelo projeto,\u00a0 representante de Suape, e representantes da Neoenergia, \u00a0do Museu da Funda\u00e7\u00e3o Joaquim Nabuco da comunidade de Massangana, \u00a0do Centro de Sa\u00fade Alternativa de Muribeca ( CESAM), do Centro de Refer\u00eancia de Assist\u00eancia Social (CRAS), \u00a0da Secretaria do Meio Ambiente, da Associa\u00e7\u00e3o de apicultores e meliponicultores do Cabo (AAMC), da Associa\u00e7\u00e3o das Mulheres em A\u00e7\u00e3o (AMA), Onda Limpa,\u00a0 de todos os laborat\u00f3rios vivos de ecotecnologias, al\u00e9m de educadores populares.<\/p>\n<div><img decoding=\"async\" loading=\"lazy\" class=\" wp-image-10196 aligncenter\" src=\"https:\/\/www.caritasne2.org.br\/wp-content\/uploads\/2022\/09\/WhatsApp-Image-2022-09-13-at-19.33.12-1-300x225.jpeg\" alt=\"\" width=\"367\" height=\"275\" srcset=\"https:\/\/www.caritasne2.org.br\/site\/wp-content\/uploads\/2022\/09\/WhatsApp-Image-2022-09-13-at-19.33.12-1-300x225.jpeg 300w, https:\/\/www.caritasne2.org.br\/site\/wp-content\/uploads\/2022\/09\/WhatsApp-Image-2022-09-13-at-19.33.12-1-1024x769.jpeg 1024w, https:\/\/www.caritasne2.org.br\/site\/wp-content\/uploads\/2022\/09\/WhatsApp-Image-2022-09-13-at-19.33.12-1-768x576.jpeg 768w, https:\/\/www.caritasne2.org.br\/site\/wp-content\/uploads\/2022\/09\/WhatsApp-Image-2022-09-13-at-19.33.12-1-1536x1153.jpeg 1536w, https:\/\/www.caritasne2.org.br\/site\/wp-content\/uploads\/2022\/09\/WhatsApp-Image-2022-09-13-at-19.33.12-1.jpeg 1600w\" sizes=\"(max-width: 367px) 100vw, 367px\" \/><\/div>\n<div><\/div>\n<p><img decoding=\"async\" loading=\"lazy\" class=\" wp-image-10195 aligncenter\" src=\"https:\/\/www.caritasne2.org.br\/wp-content\/uploads\/2022\/09\/WhatsApp-Image-2022-09-13-at-18.42.54-1-300x169.jpeg\" alt=\"\" width=\"373\" height=\"210\" srcset=\"https:\/\/www.caritasne2.org.br\/site\/wp-content\/uploads\/2022\/09\/WhatsApp-Image-2022-09-13-at-18.42.54-1-300x169.jpeg 300w, https:\/\/www.caritasne2.org.br\/site\/wp-content\/uploads\/2022\/09\/WhatsApp-Image-2022-09-13-at-18.42.54-1-1024x576.jpeg 1024w, https:\/\/www.caritasne2.org.br\/site\/wp-content\/uploads\/2022\/09\/WhatsApp-Image-2022-09-13-at-18.42.54-1-768x432.jpeg 768w, https:\/\/www.caritasne2.org.br\/site\/wp-content\/uploads\/2022\/09\/WhatsApp-Image-2022-09-13-at-18.42.54-1-1536x864.jpeg 1536w, https:\/\/www.caritasne2.org.br\/site\/wp-content\/uploads\/2022\/09\/WhatsApp-Image-2022-09-13-at-18.42.54-1-588x330.jpeg 588w, https:\/\/www.caritasne2.org.br\/site\/wp-content\/uploads\/2022\/09\/WhatsApp-Image-2022-09-13-at-18.42.54-1.jpeg 1599w\" sizes=\"(max-width: 373px) 100vw, 373px\" \/><\/p>\n<p><img decoding=\"async\" loading=\"lazy\" class=\" wp-image-10194 aligncenter\" src=\"https:\/\/www.caritasne2.org.br\/wp-content\/uploads\/2022\/09\/WhatsApp-Image-2022-09-13-at-17.12.49-300x225.jpeg\" alt=\"\" width=\"343\" height=\"257\" srcset=\"https:\/\/www.caritasne2.org.br\/site\/wp-content\/uploads\/2022\/09\/WhatsApp-Image-2022-09-13-at-17.12.49-300x225.jpeg 300w, https:\/\/www.caritasne2.org.br\/site\/wp-content\/uploads\/2022\/09\/WhatsApp-Image-2022-09-13-at-17.12.49-1024x768.jpeg 1024w, https:\/\/www.caritasne2.org.br\/site\/wp-content\/uploads\/2022\/09\/WhatsApp-Image-2022-09-13-at-17.12.49-768x576.jpeg 768w, https:\/\/www.caritasne2.org.br\/site\/wp-content\/uploads\/2022\/09\/WhatsApp-Image-2022-09-13-at-17.12.49-1536x1152.jpeg 1536w, https:\/\/www.caritasne2.org.br\/site\/wp-content\/uploads\/2022\/09\/WhatsApp-Image-2022-09-13-at-17.12.49.jpeg 1600w\" sizes=\"(max-width: 343px) 100vw, 343px\" \/><\/p>\n<p>&nbsp;<\/p>\n<p><img decoding=\"async\" loading=\"lazy\" class=\"alignnone wp-image-10197 aligncenter\" src=\"https:\/\/www.caritasne2.org.br\/wp-content\/uploads\/2022\/09\/WhatsApp-Image-2022-09-13-at-19.33.13-300x225.jpeg\" alt=\"\" width=\"339\" height=\"254\" srcset=\"https:\/\/www.caritasne2.org.br\/site\/wp-content\/uploads\/2022\/09\/WhatsApp-Image-2022-09-13-at-19.33.13-300x225.jpeg 300w, https:\/\/www.caritasne2.org.br\/site\/wp-content\/uploads\/2022\/09\/WhatsApp-Image-2022-09-13-at-19.33.13-1024x769.jpeg 1024w, https:\/\/www.caritasne2.org.br\/site\/wp-content\/uploads\/2022\/09\/WhatsApp-Image-2022-09-13-at-19.33.13-768x576.jpeg 768w, https:\/\/www.caritasne2.org.br\/site\/wp-content\/uploads\/2022\/09\/WhatsApp-Image-2022-09-13-at-19.33.13-1536x1153.jpeg 1536w, https:\/\/www.caritasne2.org.br\/site\/wp-content\/uploads\/2022\/09\/WhatsApp-Image-2022-09-13-at-19.33.13.jpeg 1600w\" sizes=\"(max-width: 339px) 100vw, 339px\" \/><\/p>\n<p style=\"text-align: justify;\">\n<ul class=\"ssb_list_wrapper\"><li class=\"fb2\" style=\"width:135px\"><iframe src=\"\/\/www.facebook.com\/plugins\/like.php?href=https%3A%2F%2Fwww.caritasne2.org.br%2Fsite%2Fencontro-mobiliza-parcerias-para-laboratorio-vivo-de-ecotecnologias-no-cabo-de-santo-agostinho%2F&amp;layout=button_count&amp;action=like&amp;show_faces=false&amp;share=true&amp;width=135&amp;height=21&amp;appId=307091639398582\" scrolling=\"no\" frameborder=\"0\" style=\"border:none; overflow:hidden;  width:150px; height:21px;\" allowTransparency=\"true\"><\/iframe><\/li><li class=\"twtr\" style=\"width:90px\"><a href=\"https:\/\/twitter.com\/share\" class=\"twitter-share-button\" data-url=\"https:\/\/www.caritasne2.org.br\/site\/encontro-mobiliza-parcerias-para-laboratorio-vivo-de-ecotecnologias-no-cabo-de-santo-agostinho\/\">&nbsp;<\/a><script>!function(d,s,id){var js,fjs=d.getElementsByTagName(s)[0],p=\/^http:\/.test(d.location)?'http':'https';if(!d.getElementById(id)){js=d.createElement(s);js.id=id;js.src=p+':\/\/platform.twitter.com\/widgets.js';fjs.parentNode.insertBefore(js,fjs);}}(document, 'script', 'twitter-wjs');<\/script><\/li><li class=\"gplus\" style=\"width:68px\"><div class=\"g-plusone\" data-size=\"medium\" data-href=\"https:\/\/www.caritasne2.org.br\/site\/encontro-mobiliza-parcerias-para-laboratorio-vivo-de-ecotecnologias-no-cabo-de-santo-agostinho\/\"><\/div><\/li><li class=\"ssb_linkedin\" style=\"width:64px\"><script src=\"\/\/platform.linkedin.com\/in.js\" type=\"text\/javascript\">lang: en_US<\/script><script type=\"IN\/Share\" data-url=\"https:\/\/www.caritasne2.org.br\/site\/encontro-mobiliza-parcerias-para-laboratorio-vivo-de-ecotecnologias-no-cabo-de-santo-agostinho\/\" data-counter=\"right\"><\/script><\/li><\/ul>","protected":false},"excerpt":{"rendered":"<p>A C\u00e1ritas Brasileira NE2 atrav\u00e9s do projeto Quintais Ecoprodutivos, realizado em parceria com Complexo Portu\u00e1rio de Suape, assessora a preserva\u00e7\u00e3o do laborat\u00f3rio vivo de ecotecnologias implementado no munic\u00edpio do Cabo de Santo Agostinho. O objetivo do espa\u00e7o \u00e9 fomentar a seguran\u00e7a alimentar e gera\u00e7\u00e3o de renda para inclus\u00e3o socioprodutiva em comunidades consolidadas no territ\u00f3rio do Complexo Industrial Portu\u00e1rio de Suape. Nesta ter\u00e7a, 13, a C\u00e1ritas [&hellip;]<\/p>\n<ul class=\"ssb_list_wrapper\"><li class=\"fb2\" style=\"width:135px\"><iframe src=\"\/\/www.facebook.com\/plugins\/like.php?href=https%3A%2F%2Fwww.caritasne2.org.br%2Fsite%2Fencontro-mobiliza-parcerias-para-laboratorio-vivo-de-ecotecnologias-no-cabo-de-santo-agostinho%2F&amp;layout=button_count&amp;action=like&amp;show_faces=false&amp;share=true&amp;width=135&amp;height=21&amp;appId=307091639398582\" scrolling=\"no\" frameborder=\"0\" style=\"border:none; overflow:hidden;  width:150px; height:21px;\" allowTransparency=\"true\"><\/iframe><\/li><li class=\"twtr\" style=\"width:90px\"><a href=\"https:\/\/twitter.com\/share\" class=\"twitter-share-button\" data-url=\"https:\/\/www.caritasne2.org.br\/site\/encontro-mobiliza-parcerias-para-laboratorio-vivo-de-ecotecnologias-no-cabo-de-santo-agostinho\/\">&nbsp;<\/a><script>!function(d,s,id){var js,fjs=d.getElementsByTagName(s)[0],p=\/^http:\/.test(d.location)?'http':'https';if(!d.getElementById(id)){js=d.createElement(s);js.id=id;js.src=p+':\/\/platform.twitter.com\/widgets.js';fjs.parentNode.insertBefore(js,fjs);}}(document, 'script', 'twitter-wjs');<\/script><\/li><li class=\"gplus\" style=\"width:68px\"><div class=\"g-plusone\" data-size=\"medium\" data-href=\"https:\/\/www.caritasne2.org.br\/site\/encontro-mobiliza-parcerias-para-laboratorio-vivo-de-ecotecnologias-no-cabo-de-santo-agostinho\/\"><\/div><\/li><li class=\"ssb_linkedin\" style=\"width:64px\"><script src=\"\/\/platform.linkedin.com\/in.js\" type=\"text\/javascript\">lang: en_US<\/script><script type=\"IN\/Share\" data-url=\"https:\/\/www.caritasne2.org.br\/site\/encontro-mobiliza-parcerias-para-laboratorio-vivo-de-ecotecnologias-no-cabo-de-santo-agostinho\/\" data-counter=\"right\"><\/script><\/li><\/ul>","protected":false},"author":4,"featured_media":10193,"comment_status":"open","ping_status":"open","sticky":false,"template":"","format":"standard","meta":[],"categories":[21,20],"tags":[],"_links":{"self":[{"href":"https:\/\/www.caritasne2.org.br\/site\/wp-json\/wp\/v2\/posts\/10192"}],"collection":[{"href":"https:\/\/www.caritasne2.org.br\/site\/wp-json\/wp\/v2\/posts"}],"about":[{"href":"https:\/\/www.caritasne2.org.br\/site\/wp-json\/wp\/v2\/types\/post"}],"author":[{"embeddable":true,"href":"https:\/\/www.caritasne2.org.br\/site\/wp-json\/wp\/v2\/users\/4"}],"replies":[{"embeddable":true,"href":"https:\/\/www.caritasne2.org.br\/site\/wp-json\/wp\/v2\/comments?post=10192"}],"version-history":[{"count":0,"href":"https:\/\/www.caritasne2.org.br\/site\/wp-json\/wp\/v2\/posts\/10192\/revisions"}],"wp:featuredmedia":[{"embeddable":true,"href":"https:\/\/www.caritasne2.org.br\/site\/wp-json\/wp\/v2\/media\/10193"}],"wp:attachment":[{"href":"https:\/\/www.caritasne2.org.br\/site\/wp-json\/wp\/v2\/media?parent=10192"}],"wp:term":[{"taxonomy":"category","embeddable":true,"href":"https:\/\/www.caritasne2.org.br\/site\/wp-json\/wp\/v2\/categories?post=10192"},{"taxonomy":"post_tag","embeddable":true,"href":"https:\/\/www.caritasne2.org.br\/site\/wp-json\/wp\/v2\/tags?post=10192"}],"curies":[{"name":"wp","href":"https:\/\/api.w.org\/{rel}","templated":true}]}}