{"id":1018,"date":"2013-05-29T17:57:26","date_gmt":"2013-05-29T20:57:26","guid":{"rendered":"http:\/\/ne2.caritas.org.br.s174889.gridserver.com\/?p=1018"},"modified":"2017-07-11T15:24:32","modified_gmt":"2017-07-11T18:24:32","slug":"agricultores-participam-de-capacitacao-em-terezinha-pe","status":"publish","type":"post","link":"https:\/\/www.caritasne2.org.br\/site\/agricultores-participam-de-capacitacao-em-terezinha-pe\/","title":{"rendered":"Agricultores participam de capacita\u00e7\u00e3o em Terezinha (PE)"},"content":{"rendered":"<p style=\"text-align: justify;\">De 27 a 29 de maio a C\u00e1ritas Brasileira Regional NE2, atrav\u00e9s do Programa Uma Terra e Duas \u00c1guas (P1+2) promoveu, uma capacita\u00e7\u00e3o de fam\u00edlias em <em><strong>Gest\u00e3o de \u00c1gua para a Produ\u00e7\u00e3o<\/strong> <\/em>(Gapa). O encontro foi realizado na Capela S\u00e3o Francisco de Assis, localizada na comunidade Alto do Caix\u00e3o, no munic\u00edpio de Terezinha (PE).<\/p>\n<p style=\"text-align: justify;\">Na ocasi\u00e3o, os agricultores foram acolhidos pelo articulador de campo Samuel Oliveira,\u00a0respons\u00e1vel pelo acompanhamento das constru\u00e7\u00f5es das tecnologias na cidade, atrav\u00e9s do P1+2. Durante a fala, ele destacou a import\u00e2ncia do trabalho das fam\u00edlias e ressaltou os direitos e deveres de cada benefici\u00e1rio, a fim de que o projeto seja realizado com sucesso.<\/p>\n<p style=\"text-align: justify;\">Em seguida, com uma din\u00e2mica de apresenta\u00e7\u00e3o que envolveu todos os<a href=\"http:\/\/ne2.caritas.org.br.s174889.gridserver.com\/2013\/05\/29\/agricultores-participam-de-capacitacao-em-terezinha-pe\/gapa-em-terezinha-13-5\/\" rel=\"attachment wp-att-1030\"><img decoding=\"async\" loading=\"lazy\" class=\"alignright size-medium wp-image-1030\" title=\"Gapa em Terezinha 13\" src=\"http:\/\/ne2.caritas.org.br.s174889.gridserver.com\/wp-content\/uploads\/2013\/05\/Gapa-em-Terezinha-134-300x216.jpg\" alt=\"\" width=\"300\" height=\"216\" srcset=\"https:\/\/www.caritasne2.org.br\/site\/wp-content\/uploads\/2013\/05\/Gapa-em-Terezinha-134-300x216.jpg 300w, https:\/\/www.caritasne2.org.br\/site\/wp-content\/uploads\/2013\/05\/Gapa-em-Terezinha-134.jpg 448w\" sizes=\"(max-width: 300px) 100vw, 300px\" \/><\/a> participantes, o instrutor do curso, Lucinaldo Freitas, iniciou os trabalhos. Para explicar o objetivo da forma\u00e7\u00e3o, ele usou as palavras de Dom H\u00e9lder C\u00e2mara: \u201cN\u00e3o \u00e9 d\u00e1 o peixe, \u00e9 ensinar a pescar e o melhor \u00e9 quando pescamos juntos\u201d, referindo-se ao protagonismo que os agricultores podem exercer na busca da qualidade de vida.<\/p>\n<p style=\"text-align: justify;\">\u00a0A palestra trouxe dados sobre a C\u00e1ritas e a Articula\u00e7\u00e3o no Semi\u00e1rido Brasileiro (Asa Brasil), assim como as tecnologias implantadas pelo P1+2, que serviram de norte para chegar ao assunto do desenvolvimento sustent\u00e1vel. \u201cSustentabilidade vem de sustentar. Significa quando a gente produz sem agredir, para que haja continua\u00e7\u00e3o, fazendo com que cada um seja respons\u00e1vel pelo ambiente em que vive\u201d, disse.<\/p>\n<p style=\"text-align: justify;\">\u00a0A capacidade de mobiliza\u00e7\u00e3o entre as comunidades foi outro ponto que marcou o primeiro dia de capacita\u00e7\u00e3o. \u201cAs pessoas precisam saber que o campo \u00e9 forte. As cidades, as escolas e as universidades devem ter consci\u00eancia que a ro\u00e7a \u00e9 o in\u00edcio de tudo. Precisamos trabalhar unidos\u201d, pontuou.<\/p>\n<p style=\"text-align: justify;\">\u00a0<a href=\"http:\/\/ne2.caritas.org.br.s174889.gridserver.com\/2013\/05\/29\/agricultores-participam-de-capacitacao-em-terezinha-pe\/gapa-em-terezinha-25-3\/\" rel=\"attachment wp-att-1034\"><img decoding=\"async\" loading=\"lazy\" class=\"alignleft size-medium wp-image-1034\" title=\"Gapa em Terezinha 25\" src=\"http:\/\/ne2.caritas.org.br.s174889.gridserver.com\/wp-content\/uploads\/2013\/05\/Gapa-em-Terezinha-252-300x246.jpg\" alt=\"\" width=\"300\" height=\"246\" srcset=\"https:\/\/www.caritasne2.org.br\/site\/wp-content\/uploads\/2013\/05\/Gapa-em-Terezinha-252-300x246.jpg 300w, https:\/\/www.caritasne2.org.br\/site\/wp-content\/uploads\/2013\/05\/Gapa-em-Terezinha-252.jpg 409w\" sizes=\"(max-width: 300px) 100vw, 300px\" \/><\/a>\u00a0Ap\u00f3s o almo\u00e7o, os participantes assistiram o document\u00e1rio \u201cUm Outro Olhar\u201d, produzido pela Asa Brasil, e foram provocados a rever o modo de vida em que cada um est\u00e1 inserido e retrat\u00e1-lo atrav\u00e9s de desenhos.<\/p>\n<p style=\"text-align: justify;\">Entre os agricultores, a experi\u00eancia de participa\u00e7\u00e3o no Gapa \u00e9 positiva. De acordo com dona Terezinha Sobral, 62, o curso \u00e9 uma oportunidade para entender melhor as coisas do dia a dia no campo. \u201cA partir do momento que a gente conhece, as coisas ficam mais f\u00e1ceis\u201d, explicou. E se depender de dona Marluce Oliveira, 34, todo esse conhecimento j\u00e1 tem destino certo. \u201c\u00c0s vezes, a gente faz as coisas erradas por n\u00e3o saber como faz\u00ea-las, mas hoje aprendemos muitas coisas sobre tipos de agricultura, \u00e1gua e outros. Agora eu vou fazer certo\u201d, afirmou.<\/p>\n<p>por Lidiane Santos \u2013 Comunicadora Popular\/Jornalista<\/p>\n<p>\u00a0P1+2 \/ C\u00e1ritas Brasileira Regional NE2<\/p>\n<ul class=\"ssb_list_wrapper\"><li class=\"fb2\" style=\"width:135px\"><iframe src=\"\/\/www.facebook.com\/plugins\/like.php?href=https%3A%2F%2Fwww.caritasne2.org.br%2Fsite%2Fagricultores-participam-de-capacitacao-em-terezinha-pe%2F&amp;layout=button_count&amp;action=like&amp;show_faces=false&amp;share=true&amp;width=135&amp;height=21&amp;appId=307091639398582\" scrolling=\"no\" frameborder=\"0\" style=\"border:none; overflow:hidden;  width:150px; height:21px;\" allowTransparency=\"true\"><\/iframe><\/li><li class=\"twtr\" style=\"width:90px\"><a href=\"https:\/\/twitter.com\/share\" class=\"twitter-share-button\" data-url=\"https:\/\/www.caritasne2.org.br\/site\/agricultores-participam-de-capacitacao-em-terezinha-pe\/\">&nbsp;<\/a><script>!function(d,s,id){var js,fjs=d.getElementsByTagName(s)[0],p=\/^http:\/.test(d.location)?'http':'https';if(!d.getElementById(id)){js=d.createElement(s);js.id=id;js.src=p+':\/\/platform.twitter.com\/widgets.js';fjs.parentNode.insertBefore(js,fjs);}}(document, 'script', 'twitter-wjs');<\/script><\/li><li class=\"gplus\" style=\"width:68px\"><div class=\"g-plusone\" data-size=\"medium\" data-href=\"https:\/\/www.caritasne2.org.br\/site\/agricultores-participam-de-capacitacao-em-terezinha-pe\/\"><\/div><\/li><li class=\"ssb_linkedin\" style=\"width:64px\"><script src=\"\/\/platform.linkedin.com\/in.js\" type=\"text\/javascript\">lang: en_US<\/script><script type=\"IN\/Share\" data-url=\"https:\/\/www.caritasne2.org.br\/site\/agricultores-participam-de-capacitacao-em-terezinha-pe\/\" data-counter=\"right\"><\/script><\/li><\/ul>","protected":false},"excerpt":{"rendered":"<p>De 27 a 29 de maio a C\u00e1ritas Brasileira Regional NE2, atrav\u00e9s do Programa Uma Terra e Duas \u00c1guas (P1+2) promoveu, uma capacita\u00e7\u00e3o de fam\u00edlias em Gest\u00e3o de \u00c1gua para a Produ\u00e7\u00e3o (Gapa). O encontro foi realizado na Capela S\u00e3o Francisco de Assis, localizada na comunidade Alto do Caix\u00e3o, no munic\u00edpio de Terezinha (PE). Na ocasi\u00e3o, os agricultores foram acolhidos pelo articulador de campo Samuel [&hellip;]<\/p>\n<ul class=\"ssb_list_wrapper\"><li class=\"fb2\" style=\"width:135px\"><iframe src=\"\/\/www.facebook.com\/plugins\/like.php?href=https%3A%2F%2Fwww.caritasne2.org.br%2Fsite%2Fagricultores-participam-de-capacitacao-em-terezinha-pe%2F&amp;layout=button_count&amp;action=like&amp;show_faces=false&amp;share=true&amp;width=135&amp;height=21&amp;appId=307091639398582\" scrolling=\"no\" frameborder=\"0\" style=\"border:none; overflow:hidden;  width:150px; height:21px;\" allowTransparency=\"true\"><\/iframe><\/li><li class=\"twtr\" style=\"width:90px\"><a href=\"https:\/\/twitter.com\/share\" class=\"twitter-share-button\" data-url=\"https:\/\/www.caritasne2.org.br\/site\/agricultores-participam-de-capacitacao-em-terezinha-pe\/\">&nbsp;<\/a><script>!function(d,s,id){var js,fjs=d.getElementsByTagName(s)[0],p=\/^http:\/.test(d.location)?'http':'https';if(!d.getElementById(id)){js=d.createElement(s);js.id=id;js.src=p+':\/\/platform.twitter.com\/widgets.js';fjs.parentNode.insertBefore(js,fjs);}}(document, 'script', 'twitter-wjs');<\/script><\/li><li class=\"gplus\" style=\"width:68px\"><div class=\"g-plusone\" data-size=\"medium\" data-href=\"https:\/\/www.caritasne2.org.br\/site\/agricultores-participam-de-capacitacao-em-terezinha-pe\/\"><\/div><\/li><li class=\"ssb_linkedin\" style=\"width:64px\"><script src=\"\/\/platform.linkedin.com\/in.js\" type=\"text\/javascript\">lang: en_US<\/script><script type=\"IN\/Share\" data-url=\"https:\/\/www.caritasne2.org.br\/site\/agricultores-participam-de-capacitacao-em-terezinha-pe\/\" data-counter=\"right\"><\/script><\/li><\/ul>","protected":false},"author":4,"featured_media":1019,"comment_status":"open","ping_status":"open","sticky":false,"template":"","format":"standard","meta":[],"categories":[20,224],"tags":[90,157,59,67,137,96],"_links":{"self":[{"href":"https:\/\/www.caritasne2.org.br\/site\/wp-json\/wp\/v2\/posts\/1018"}],"collection":[{"href":"https:\/\/www.caritasne2.org.br\/site\/wp-json\/wp\/v2\/posts"}],"about":[{"href":"https:\/\/www.caritasne2.org.br\/site\/wp-json\/wp\/v2\/types\/post"}],"author":[{"embeddable":true,"href":"https:\/\/www.caritasne2.org.br\/site\/wp-json\/wp\/v2\/users\/4"}],"replies":[{"embeddable":true,"href":"https:\/\/www.caritasne2.org.br\/site\/wp-json\/wp\/v2\/comments?post=1018"}],"version-history":[{"count":0,"href":"https:\/\/www.caritasne2.org.br\/site\/wp-json\/wp\/v2\/posts\/1018\/revisions"}],"wp:featuredmedia":[{"embeddable":true,"href":"https:\/\/www.caritasne2.org.br\/site\/wp-json\/wp\/v2\/media\/1019"}],"wp:attachment":[{"href":"https:\/\/www.caritasne2.org.br\/site\/wp-json\/wp\/v2\/media?parent=1018"}],"wp:term":[{"taxonomy":"category","embeddable":true,"href":"https:\/\/www.caritasne2.org.br\/site\/wp-json\/wp\/v2\/categories?post=1018"},{"taxonomy":"post_tag","embeddable":true,"href":"https:\/\/www.caritasne2.org.br\/site\/wp-json\/wp\/v2\/tags?post=1018"}],"curies":[{"name":"wp","href":"https:\/\/api.w.org\/{rel}","templated":true}]}}