{"id":1015,"date":"2013-05-28T12:15:49","date_gmt":"2013-05-28T15:15:49","guid":{"rendered":"http:\/\/ne2.caritas.org.br.s174889.gridserver.com\/?p=1015"},"modified":"2017-07-11T15:24:32","modified_gmt":"2017-07-11T18:24:32","slug":"diocese-de-pesqueira-inicia-segunda-etapa-pernambuco-mais-produtivo","status":"publish","type":"post","link":"https:\/\/www.caritasne2.org.br\/site\/diocese-de-pesqueira-inicia-segunda-etapa-pernambuco-mais-produtivo\/","title":{"rendered":"Diocese de Pesqueira inicia segunda etapa do Pernambuco Mais Produtivo"},"content":{"rendered":"<p>A Diocese de Pesqueira inicia mais uma etapa do Programa Pernambuco Mais Produtivo por meio da Articula\u00e7\u00e3o no Semi\u00e1rido \u2013 ASA sob a coordena\u00e7\u00e3o da Secretaria Executiva da Agricultura Familiar- SEAF\/Secretaria de Agricultura e Reforma Agr\u00e1ria &#8211; SARA e financiado pelo Minist\u00e9rio de Desenvolvimento Social e Combate a Fome \u2013 MDS.<\/p>\n<p>\u00a0A perspectiva da segunda etapa do Pernambuco Mais Produtivo atrav\u00e9s da Diocese de Pesqueira \u00e9 implementar 3.750 cisternas cal\u00e7ad\u00e3o, 400 terreiros de secagem, 40 cisternas telhad\u00e3o e 50 tanques de pedra na regi\u00e3o do agreste bem como investir nos processo de capacita\u00e7\u00e3o dos agricultores familiares.<\/p>\n<p>As expectativas para a segunda etapa do programa s\u00e3o as melhores poss\u00edveis. \u201cN\u00f3s estamos concluindo neste momento 275 cisternas no munic\u00edpio de S\u00e3o Bento do Una e vamos come\u00e7ar mais 3.750 cisternas nos munic\u00edpios do agreste meridional e do agreste central e \u00e9 uma etapa bastante desafiadora que agora n\u00f3s vamos construir as tecnologias em 22 munic\u00edpios dessa regi\u00e3o\u201d, disse Neilda Pereira, coordenadora executiva da Articula\u00e7\u00e3o no Semi\u00e1rido em Pernambuco e coordenadora geral da C\u00e1ritas Diocesana de Pesqueira. \u201cEssa pr\u00f3xima etapa que estamos iniciando surge com muita euforia, com muitas apostas, mas ao mesmo tempo com muitos desafios, pois n\u00f3s vamos trabalhar na perspectiva de concluir 30 cisternas a cada m\u00eas em cada munic\u00edpio\u201d, completou Itamar de Carvalho, coordenador do Programa Pernambuco Mais Produtivo pela Diocese de Pesqueira.<\/p>\n<p>Percal\u00e7os resolvidos &#8211; Um dos entraves encontrados na realiza\u00e7\u00e3o da primeira etapa do programa foi \u00e0 escassez de \u00e1gua. \u201cA primeira etapa foi muito dolorosa do ponto de vista que tivemos algumas limita\u00e7\u00f5es e a maior delas pra gente \u00e9 a falta de \u00e1gua para o processo de constru\u00e7\u00e3o, que atrasou todo o nosso planejamento, ent\u00e3o esse foi o gargalo da primeira etapa. N\u00f3s estamos pagando \u00e1gua de onde n\u00e3o tem recurso\u201d, disse Itamar de Carvalho. A alimenta\u00e7\u00e3o dos pedreiros \u00e9 outro ponto a ser considerado na segunda etapa do programa, pois um dos requisitos para execu\u00e7\u00e3o das tecnologias sociais \u00e9 que as fam\u00edlias alimentem os pedreiros com recursos pr\u00f3prios durante o processo de execu\u00e7\u00e3o. \u201cAl\u00e9m da \u00e1gua agora, n\u00f3s vamos precisar nos preocupar tamb\u00e9m com a alimenta\u00e7\u00e3o dos pedreiros durante o per\u00edodo de constru\u00e7\u00e3o. Estamos iniciando um di\u00e1logo com o governo do estado atrav\u00e9s da SEAF e consequentemente com o Minist\u00e9rio de Desenvolvimento Social tamb\u00e9m sob a perspectiva de garantirmos alguma ajuda a essas fam\u00edlias para esse per\u00edodo\u201d, refor\u00e7ou Itamar.<\/p>\n<p>Universaliza\u00e7\u00e3o das cisternas &#8211; A execu\u00e7\u00e3o do Pernambuco Mais Produtivo tem suscitado outras discuss\u00f5es. \u201cPara al\u00e9m das a\u00e7\u00f5es previstas no Pernambuco Mais Produtivo, nossa grande expectativa \u00e9 contribuir com a efetiva\u00e7\u00e3o de um marco regulat\u00f3rio especifico, no \u00e2mbito do Governo Federal e Estadual, que permita a universaliza\u00e7\u00e3o do Programa de Cisternas como pol\u00edtica de conviv\u00eancia com o semi\u00e1rido, permita a amplia\u00e7\u00e3o dessa a\u00e7\u00e3o em todas as regi\u00f5es do semi\u00e1rido brasileiro e torne o campo um lugar ainda melhor para viver e trabalhar\u201d, revelou Aldo Santos, Secret\u00e1rio Estadual de Agricultura e Reforma Agr\u00e1ria em Pernambuco.<\/p>\n<p>\u00a0por Adriana Leal &#8211; Comunicadora Popular\/Jornalista DRT 971\/RN\u00a0<\/p>\n<p>Diocese de Pesqueira\/C\u00e1ritas Diocesana<\/p>\n<ul class=\"ssb_list_wrapper\"><li class=\"fb2\" style=\"width:135px\"><iframe src=\"\/\/www.facebook.com\/plugins\/like.php?href=https%3A%2F%2Fwww.caritasne2.org.br%2Fsite%2Fdiocese-de-pesqueira-inicia-segunda-etapa-pernambuco-mais-produtivo%2F&amp;layout=button_count&amp;action=like&amp;show_faces=false&amp;share=true&amp;width=135&amp;height=21&amp;appId=307091639398582\" scrolling=\"no\" frameborder=\"0\" style=\"border:none; overflow:hidden;  width:150px; height:21px;\" allowTransparency=\"true\"><\/iframe><\/li><li class=\"twtr\" style=\"width:90px\"><a href=\"https:\/\/twitter.com\/share\" class=\"twitter-share-button\" data-url=\"https:\/\/www.caritasne2.org.br\/site\/diocese-de-pesqueira-inicia-segunda-etapa-pernambuco-mais-produtivo\/\">&nbsp;<\/a><script>!function(d,s,id){var js,fjs=d.getElementsByTagName(s)[0],p=\/^http:\/.test(d.location)?'http':'https';if(!d.getElementById(id)){js=d.createElement(s);js.id=id;js.src=p+':\/\/platform.twitter.com\/widgets.js';fjs.parentNode.insertBefore(js,fjs);}}(document, 'script', 'twitter-wjs');<\/script><\/li><li class=\"gplus\" style=\"width:68px\"><div class=\"g-plusone\" data-size=\"medium\" data-href=\"https:\/\/www.caritasne2.org.br\/site\/diocese-de-pesqueira-inicia-segunda-etapa-pernambuco-mais-produtivo\/\"><\/div><\/li><li class=\"ssb_linkedin\" style=\"width:64px\"><script src=\"\/\/platform.linkedin.com\/in.js\" type=\"text\/javascript\">lang: en_US<\/script><script type=\"IN\/Share\" data-url=\"https:\/\/www.caritasne2.org.br\/site\/diocese-de-pesqueira-inicia-segunda-etapa-pernambuco-mais-produtivo\/\" data-counter=\"right\"><\/script><\/li><\/ul>","protected":false},"excerpt":{"rendered":"<p>A Diocese de Pesqueira inicia mais uma etapa do Programa Pernambuco Mais Produtivo por meio da Articula\u00e7\u00e3o no Semi\u00e1rido \u2013 ASA sob a coordena\u00e7\u00e3o da Secretaria Executiva da Agricultura Familiar- SEAF\/Secretaria de Agricultura e Reforma Agr\u00e1ria &#8211; SARA e financiado pelo Minist\u00e9rio de Desenvolvimento Social e Combate a Fome \u2013 MDS. \u00a0A perspectiva da segunda etapa do Pernambuco Mais Produtivo atrav\u00e9s da Diocese de Pesqueira [&hellip;]<\/p>\n<ul class=\"ssb_list_wrapper\"><li class=\"fb2\" style=\"width:135px\"><iframe src=\"\/\/www.facebook.com\/plugins\/like.php?href=https%3A%2F%2Fwww.caritasne2.org.br%2Fsite%2Fdiocese-de-pesqueira-inicia-segunda-etapa-pernambuco-mais-produtivo%2F&amp;layout=button_count&amp;action=like&amp;show_faces=false&amp;share=true&amp;width=135&amp;height=21&amp;appId=307091639398582\" scrolling=\"no\" frameborder=\"0\" style=\"border:none; overflow:hidden;  width:150px; height:21px;\" allowTransparency=\"true\"><\/iframe><\/li><li class=\"twtr\" style=\"width:90px\"><a href=\"https:\/\/twitter.com\/share\" class=\"twitter-share-button\" data-url=\"https:\/\/www.caritasne2.org.br\/site\/diocese-de-pesqueira-inicia-segunda-etapa-pernambuco-mais-produtivo\/\">&nbsp;<\/a><script>!function(d,s,id){var js,fjs=d.getElementsByTagName(s)[0],p=\/^http:\/.test(d.location)?'http':'https';if(!d.getElementById(id)){js=d.createElement(s);js.id=id;js.src=p+':\/\/platform.twitter.com\/widgets.js';fjs.parentNode.insertBefore(js,fjs);}}(document, 'script', 'twitter-wjs');<\/script><\/li><li class=\"gplus\" style=\"width:68px\"><div class=\"g-plusone\" data-size=\"medium\" data-href=\"https:\/\/www.caritasne2.org.br\/site\/diocese-de-pesqueira-inicia-segunda-etapa-pernambuco-mais-produtivo\/\"><\/div><\/li><li class=\"ssb_linkedin\" style=\"width:64px\"><script src=\"\/\/platform.linkedin.com\/in.js\" type=\"text\/javascript\">lang: en_US<\/script><script type=\"IN\/Share\" data-url=\"https:\/\/www.caritasne2.org.br\/site\/diocese-de-pesqueira-inicia-segunda-etapa-pernambuco-mais-produtivo\/\" data-counter=\"right\"><\/script><\/li><\/ul>","protected":false},"author":4,"featured_media":1016,"comment_status":"open","ping_status":"open","sticky":false,"template":"","format":"standard","meta":[],"categories":[72,20],"tags":[222,67,154,147,100],"_links":{"self":[{"href":"https:\/\/www.caritasne2.org.br\/site\/wp-json\/wp\/v2\/posts\/1015"}],"collection":[{"href":"https:\/\/www.caritasne2.org.br\/site\/wp-json\/wp\/v2\/posts"}],"about":[{"href":"https:\/\/www.caritasne2.org.br\/site\/wp-json\/wp\/v2\/types\/post"}],"author":[{"embeddable":true,"href":"https:\/\/www.caritasne2.org.br\/site\/wp-json\/wp\/v2\/users\/4"}],"replies":[{"embeddable":true,"href":"https:\/\/www.caritasne2.org.br\/site\/wp-json\/wp\/v2\/comments?post=1015"}],"version-history":[{"count":0,"href":"https:\/\/www.caritasne2.org.br\/site\/wp-json\/wp\/v2\/posts\/1015\/revisions"}],"wp:featuredmedia":[{"embeddable":true,"href":"https:\/\/www.caritasne2.org.br\/site\/wp-json\/wp\/v2\/media\/1016"}],"wp:attachment":[{"href":"https:\/\/www.caritasne2.org.br\/site\/wp-json\/wp\/v2\/media?parent=1015"}],"wp:term":[{"taxonomy":"category","embeddable":true,"href":"https:\/\/www.caritasne2.org.br\/site\/wp-json\/wp\/v2\/categories?post=1015"},{"taxonomy":"post_tag","embeddable":true,"href":"https:\/\/www.caritasne2.org.br\/site\/wp-json\/wp\/v2\/tags?post=1015"}],"curies":[{"name":"wp","href":"https:\/\/api.w.org\/{rel}","templated":true}]}}