{"id":1002,"date":"2013-05-24T14:32:01","date_gmt":"2013-05-24T17:32:01","guid":{"rendered":"http:\/\/ne2.caritas.org.br.s174889.gridserver.com\/?p=1002"},"modified":"2017-07-11T15:24:32","modified_gmt":"2017-07-11T18:24:32","slug":"piaj-criancas-adolescentes-marcham-contra-abuso-exploracao-sexual","status":"publish","type":"post","link":"https:\/\/www.caritasne2.org.br\/site\/piaj-criancas-adolescentes-marcham-contra-abuso-exploracao-sexual\/","title":{"rendered":"PIAJ: Crian\u00e7as e adolescentes marcham contra o abuso e explora\u00e7\u00e3o sexual"},"content":{"rendered":"<p style=\"text-align: justify;\">O reconhecimento, pela Lei Federal 9.970\/00, do dia 18 de maio como <strong><em>Dia Nacional de Combate ao Abuso e \u00e0 Explora\u00e7\u00e3o Sexual de Crian\u00e7as e Adolescentes<\/em> <\/strong>demarca uma conquista do pa\u00eds na luta pelos direitos humanos das crian\u00e7as e adolescentes.<\/p>\n<p style=\"text-align: justify;\">Em todo pa\u00eds, entidades ligadas \u00e0 defesa dos direitos das crian\u00e7as e adolescentes promoveram uma s\u00e9rie de atividades com o objetivo de mobilizar, sensibilizar e conscientizar a sociedade e as autoridades sobre a gravidade da viol\u00eancia sexual.<\/p>\n<p style=\"text-align: justify;\">Em Alagoas, a C\u00e1ritas Brasileira Regional NE2, atrav\u00e9s da C\u00e1ritas Diocesana de Palmeira dos \u00cdndios, que executa o Projeto Eco Viv\u00eancia ligado ao Programa Inf\u00e2ncia, Adolesc\u00eancia e Juventude (PIAJ) se uniu a v\u00e1rios segmentos e organiza\u00e7\u00f5es da sociedade palmeirense e participou de uma marcha, para lembrar a data.<\/p>\n<p style=\"text-align: justify;\">A marcha, que aconteceu na sexta-feira (17), percorreu as principais ruas no centro da cidade de Palmeira dos \u00cdndios, com concentra\u00e7\u00e3o na Pra\u00e7a da <a href=\"http:\/\/ne2.caritas.org.br.s174889.gridserver.com\/2013\/05\/24\/piaj-criancas-adolescentes-marcham-contra-abuso-exploracao-sexual\/mobilizacao-em-alagoas-01-2\/\" rel=\"attachment wp-att-1005\"><img decoding=\"async\" loading=\"lazy\" class=\"alignleft size-medium wp-image-1005\" title=\"Mobiliza\u00e7\u00e3o em Alagoas 01\" src=\"http:\/\/ne2.caritas.org.br.s174889.gridserver.com\/wp-content\/uploads\/2013\/05\/Mobiliza\u00e7\u00e3o-em-Alagoas-011-300x225.jpg\" alt=\"\" width=\"300\" height=\"225\" srcset=\"https:\/\/www.caritasne2.org.br\/site\/wp-content\/uploads\/2013\/05\/Mobiliza\u00e7\u00e3o-em-Alagoas-011-300x225.jpg 300w, https:\/\/www.caritasne2.org.br\/site\/wp-content\/uploads\/2013\/05\/Mobiliza\u00e7\u00e3o-em-Alagoas-011.jpg 640w\" sizes=\"(max-width: 300px) 100vw, 300px\" \/><\/a>Independ\u00eancia. De l\u00e1, os participantes seguiram at\u00e9 a Casa Museu Graciliano Ramos. Na oportunidade, houve a encena\u00e7\u00e3o de uma pe\u00e7a pela Companhia Teatral da Meia Noite, de Macei\u00f3, al\u00e9m de outras apresenta\u00e7\u00f5es culturais, como teatro de bonecos e exibi\u00e7\u00e3o de v\u00eddeos pedag\u00f3gicos.<\/p>\n<p style=\"text-align: justify;\">O articulador do Projeto do PIAJ, Jefferson Souza, destacou a import\u00e2ncia do evento para alertar a sociedade sobre os altos \u00edndices de viol\u00eancias cometidos, enfatizando os casos de abuso e explora\u00e7\u00e3o sexual. \u201cQueremos sensibilizar a sociedade para denunciar os casos de viol\u00eancias nos conselhos tutelares ou discando 100 para fazer den\u00fancias an\u00f4nimas\u201d, disse.<\/p>\n<p style=\"text-align: justify;\">\u00a0A coordena\u00e7\u00e3o do evento foi liderada pela Rede de Prote\u00e7\u00e3o dos Direitos das Crian\u00e7as e Adolescentes de Palmeira dos \u00cdndios \u2013 que a C\u00e1ritas NE2 integra -, e contou com o apoio das Secretarias de Assist\u00eancia Social, Sa\u00fade e Educa\u00e7\u00e3o.<\/p>\n<p style=\"text-align: justify;\">\u00a0<a href=\"http:\/\/ne2.caritas.org.br.s174889.gridserver.com\/2013\/05\/24\/piaj-criancas-adolescentes-marcham-contra-abuso-exploracao-sexual\/mobilizacao-em-alagoas-03\/\" rel=\"attachment wp-att-1006\"><img decoding=\"async\" loading=\"lazy\" class=\"alignright size-medium wp-image-1006\" title=\"Mobiliza\u00e7\u00e3o em Alagoas 03\" src=\"http:\/\/ne2.caritas.org.br.s174889.gridserver.com\/wp-content\/uploads\/2013\/05\/Mobiliza\u00e7\u00e3o-em-Alagoas-03-300x224.jpg\" alt=\"\" width=\"300\" height=\"224\" \/><\/a>Al\u00e9m da participa\u00e7\u00e3o de crian\u00e7as e adolescentes de escolas da rede municipal e estadual de ensino, a mobiliza\u00e7\u00e3o tamb\u00e9m contou com representa\u00e7\u00f5es do Conselho Municipal dos Direitos da Crian\u00e7a e Adolescente (CMDCA), Programa de Erradica\u00e7\u00e3o do Trabalho Infantil (Peti), Lar da Crian\u00e7a, Projeto Livro na M\u00e3o e Bola no P\u00e9, Projovem Adolescente, Centro de Refer\u00eancia Especializado em Assist\u00eancia Social (Creas) e conselheiros tutelares.<\/p>\n<p style=\"text-align: justify;\"><strong><\/strong>\u00a0<\/p>\n<p style=\"text-align: justify;\"><strong><\/strong>\u00a0<strong>Mobiliza\u00e7\u00e3o na Para\u00edba:<\/strong> A Diocese de Cajazeiras atrav\u00e9s da Pastoral do Menor tamb\u00e9m saiu \u00e0s ruas do munic\u00edpio paraibano, na segunda-feira (20), para lembrar o Dia Nacional de Combate ao Abuso e Explora\u00e7\u00e3o Sexual de Crian\u00e7as e Adolescentes.<\/p>\n<p style=\"text-align: justify;\"><a href=\"http:\/\/ne2.caritas.org.br.s174889.gridserver.com\/2013\/05\/24\/piaj-criancas-adolescentes-marcham-contra-abuso-exploracao-sexual\/atividade-em-cajazeiras-pb-2\/\" rel=\"attachment wp-att-1007\"><img decoding=\"async\" loading=\"lazy\" class=\"alignleft size-medium wp-image-1007\" title=\"Atividade em Cajazeiras - PB (2)\" src=\"http:\/\/ne2.caritas.org.br.s174889.gridserver.com\/wp-content\/uploads\/2013\/05\/Atividade-em-Cajazeiras-PB-2-300x224.jpg\" alt=\"\" width=\"300\" height=\"224\" \/><\/a>Com faixas, cartazes e bandeiras centenas de crian\u00e7as e adolescentes marcharam contra todas as formas de abuso e explora\u00e7\u00e3o sexual. A Pastoral do Menor, em parceria com a C\u00e1ritas Sui\u00e7a e a C\u00e1ritas Regional NE 2, atrav\u00e9s do PIAJ desenvolve um trabalho na perspectiva do sistema de garantia de direitos para as crian\u00e7as e adolescentes em situa\u00e7\u00e3o de rua, al\u00e9m de filhos e filhas de catadores de materiais recicl\u00e1veis.<\/p>\n<p style=\"text-align: justify;\">De acordo com a coordenadora regional do PIAJ, Catarina M\u00e1rcia da Silva, durante todo ano os educadores e educadores do PIAJ s\u00e3o estimulados a desenvolver atividades com foco na quest\u00e3o da preven\u00e7\u00e3o do abuso e explora\u00e7\u00e3o sexual. \u201cSe necess\u00e1rio, os educadores e educadoras est\u00e3o prontos para articular e acionar a rede de garantia de direitos\u201d, disse.<\/p>\n<p style=\"text-align: justify;\">Catarina tamb\u00e9m destaca que a culmin\u00e2ncia da Campanha Nacional de Combate ao Abuso e \u00e0 Explora\u00e7\u00e3o Sexual \u00e9 no dia 18 de maio. \u201cPor\u00e9m, \u00e9 importante lembrar que as a\u00e7\u00f5es de preven\u00e7\u00e3o s\u00e3o constantes, bem como os trabalhos de divulga\u00e7\u00e3o da tem\u00e1tica nas redes sociais e ve\u00edculos de comunica\u00e7\u00e3o\u201d, destacou.<\/p>\n<p style=\"text-align: justify;\"><span style=\"text-decoration: underline;\"><strong>Por que 18 de Maio?<\/strong><\/span><\/p>\n<p style=\"text-align: justify;\">O Dia Nacional de Combate ao Abuso e \u00e0 Explora\u00e7\u00e3o Sexual foi criado em 18 de maio de 2000 pela Lei Federal n\u00ba 9970\/00, com objetivo de mobilizar e convocar a sociedade brasileira a proteger suas crian\u00e7as e adolescentes. A data foi escolhida em raz\u00e3o do crime conhecido como \u201cCrime Araceli\u201d, nome de uma menina de oito anos de idade que foi estuprada e assassinada em Vit\u00f3ria (ES), em 1973. Os autores desta viol\u00eancia nunca foram punidos.<\/p>\n<p style=\"text-align: justify;\"><span style=\"text-decoration: underline;\"><strong>\u00a0Den\u00fancia<\/strong><\/span><\/p>\n<p style=\"text-align: justify;\">O Disque 100 ou Disque Direitos Humanos, \u00e9 um servi\u00e7o da Secretaria de Direitos Humanos da Presid\u00eancia da Rep\u00fablica (SDH) que recebe den\u00fancias de abuso e explora\u00e7\u00e3o contra crian\u00e7as e adolescentes. Segundo dados da SDH, desde o in\u00edcio do servi\u00e7o, em maio de 2003, at\u00e9 agosto de 2011, o Disque 100 recebeu e encaminhou 195.932 den\u00fancias de todo o pa\u00eds. S\u00f3 em 2011, de janeiro a agosto, foram registradas 50.833 den\u00fancias. Os dados do Disque 100, revelam que a maioria das v\u00edtimas de viol\u00eancia sexual s\u00e3o do sexo feminino, representanto 78% das den\u00fancias registradas entre janeiro a fevereiro de 2011. Para saber mais acesse as informa\u00e7\u00f5es no site da Secretaria de Direitos Humanos (www.direitoshumanos.gov.br)<\/p>\n<p style=\"text-align: justify;\">\u00a0por Kilma Ferreira (Assessoria de Comunica\u00e7\u00e3o) e Jefferson Souza (articulador PIAJ)<\/p>\n<p style=\"text-align: justify;\">Fotos: Josefa Rolim e Jefferson Souza<\/p>\n<p style=\"text-align: justify;\">\u00a0<\/p>\n<p style=\"text-align: justify;\">\u00a0<\/p>\n<ul class=\"ssb_list_wrapper\"><li class=\"fb2\" style=\"width:135px\"><iframe src=\"\/\/www.facebook.com\/plugins\/like.php?href=https%3A%2F%2Fwww.caritasne2.org.br%2Fsite%2Fpiaj-criancas-adolescentes-marcham-contra-abuso-exploracao-sexual%2F&amp;layout=button_count&amp;action=like&amp;show_faces=false&amp;share=true&amp;width=135&amp;height=21&amp;appId=307091639398582\" scrolling=\"no\" frameborder=\"0\" style=\"border:none; overflow:hidden;  width:150px; height:21px;\" allowTransparency=\"true\"><\/iframe><\/li><li class=\"twtr\" style=\"width:90px\"><a href=\"https:\/\/twitter.com\/share\" class=\"twitter-share-button\" data-url=\"https:\/\/www.caritasne2.org.br\/site\/piaj-criancas-adolescentes-marcham-contra-abuso-exploracao-sexual\/\">&nbsp;<\/a><script>!function(d,s,id){var js,fjs=d.getElementsByTagName(s)[0],p=\/^http:\/.test(d.location)?'http':'https';if(!d.getElementById(id)){js=d.createElement(s);js.id=id;js.src=p+':\/\/platform.twitter.com\/widgets.js';fjs.parentNode.insertBefore(js,fjs);}}(document, 'script', 'twitter-wjs');<\/script><\/li><li class=\"gplus\" style=\"width:68px\"><div class=\"g-plusone\" data-size=\"medium\" data-href=\"https:\/\/www.caritasne2.org.br\/site\/piaj-criancas-adolescentes-marcham-contra-abuso-exploracao-sexual\/\"><\/div><\/li><li class=\"ssb_linkedin\" style=\"width:64px\"><script src=\"\/\/platform.linkedin.com\/in.js\" type=\"text\/javascript\">lang: en_US<\/script><script type=\"IN\/Share\" data-url=\"https:\/\/www.caritasne2.org.br\/site\/piaj-criancas-adolescentes-marcham-contra-abuso-exploracao-sexual\/\" data-counter=\"right\"><\/script><\/li><\/ul>","protected":false},"excerpt":{"rendered":"<p>O reconhecimento, pela Lei Federal 9.970\/00, do dia 18 de maio como Dia Nacional de Combate ao Abuso e \u00e0 Explora\u00e7\u00e3o Sexual de Crian\u00e7as e Adolescentes demarca uma conquista do pa\u00eds na luta pelos direitos humanos das crian\u00e7as e adolescentes. Em todo pa\u00eds, entidades ligadas \u00e0 defesa dos direitos das crian\u00e7as e adolescentes promoveram uma s\u00e9rie de atividades com o objetivo de mobilizar, sensibilizar e [&hellip;]<\/p>\n<ul class=\"ssb_list_wrapper\"><li class=\"fb2\" style=\"width:135px\"><iframe src=\"\/\/www.facebook.com\/plugins\/like.php?href=https%3A%2F%2Fwww.caritasne2.org.br%2Fsite%2Fpiaj-criancas-adolescentes-marcham-contra-abuso-exploracao-sexual%2F&amp;layout=button_count&amp;action=like&amp;show_faces=false&amp;share=true&amp;width=135&amp;height=21&amp;appId=307091639398582\" scrolling=\"no\" frameborder=\"0\" style=\"border:none; overflow:hidden;  width:150px; height:21px;\" allowTransparency=\"true\"><\/iframe><\/li><li class=\"twtr\" style=\"width:90px\"><a href=\"https:\/\/twitter.com\/share\" class=\"twitter-share-button\" data-url=\"https:\/\/www.caritasne2.org.br\/site\/piaj-criancas-adolescentes-marcham-contra-abuso-exploracao-sexual\/\">&nbsp;<\/a><script>!function(d,s,id){var js,fjs=d.getElementsByTagName(s)[0],p=\/^http:\/.test(d.location)?'http':'https';if(!d.getElementById(id)){js=d.createElement(s);js.id=id;js.src=p+':\/\/platform.twitter.com\/widgets.js';fjs.parentNode.insertBefore(js,fjs);}}(document, 'script', 'twitter-wjs');<\/script><\/li><li class=\"gplus\" style=\"width:68px\"><div class=\"g-plusone\" data-size=\"medium\" data-href=\"https:\/\/www.caritasne2.org.br\/site\/piaj-criancas-adolescentes-marcham-contra-abuso-exploracao-sexual\/\"><\/div><\/li><li class=\"ssb_linkedin\" style=\"width:64px\"><script src=\"\/\/platform.linkedin.com\/in.js\" type=\"text\/javascript\">lang: en_US<\/script><script type=\"IN\/Share\" data-url=\"https:\/\/www.caritasne2.org.br\/site\/piaj-criancas-adolescentes-marcham-contra-abuso-exploracao-sexual\/\" data-counter=\"right\"><\/script><\/li><\/ul>","protected":false},"author":4,"featured_media":1003,"comment_status":"open","ping_status":"open","sticky":false,"template":"","format":"standard","meta":[],"categories":[20,105],"tags":[211,212,92,171,67,214,215,85,216,87,217,218],"_links":{"self":[{"href":"https:\/\/www.caritasne2.org.br\/site\/wp-json\/wp\/v2\/posts\/1002"}],"collection":[{"href":"https:\/\/www.caritasne2.org.br\/site\/wp-json\/wp\/v2\/posts"}],"about":[{"href":"https:\/\/www.caritasne2.org.br\/site\/wp-json\/wp\/v2\/types\/post"}],"author":[{"embeddable":true,"href":"https:\/\/www.caritasne2.org.br\/site\/wp-json\/wp\/v2\/users\/4"}],"replies":[{"embeddable":true,"href":"https:\/\/www.caritasne2.org.br\/site\/wp-json\/wp\/v2\/comments?post=1002"}],"version-history":[{"count":0,"href":"https:\/\/www.caritasne2.org.br\/site\/wp-json\/wp\/v2\/posts\/1002\/revisions"}],"wp:featuredmedia":[{"embeddable":true,"href":"https:\/\/www.caritasne2.org.br\/site\/wp-json\/wp\/v2\/media\/1003"}],"wp:attachment":[{"href":"https:\/\/www.caritasne2.org.br\/site\/wp-json\/wp\/v2\/media?parent=1002"}],"wp:term":[{"taxonomy":"category","embeddable":true,"href":"https:\/\/www.caritasne2.org.br\/site\/wp-json\/wp\/v2\/categories?post=1002"},{"taxonomy":"post_tag","embeddable":true,"href":"https:\/\/www.caritasne2.org.br\/site\/wp-json\/wp\/v2\/tags?post=1002"}],"curies":[{"name":"wp","href":"https:\/\/api.w.org\/{rel}","templated":true}]}}